{"id":634,"date":"2010-03-02T10:08:10","date_gmt":"2010-03-02T08:08:10","guid":{"rendered":"http:\/\/www.primariarovinari.ro\/?p=634"},"modified":"2010-03-22T19:18:28","modified_gmt":"2010-03-22T17:18:28","slug":"alesii-locali-au-daruit-flori-de-1-martie","status":"publish","type":"post","link":"https:\/\/primariarovinari.ro\/old\/2010\/03\/alesii-locali-au-daruit-flori-de-1-martie\/","title":{"rendered":"Ale\u015fii locali au d\u0103ruit flori de 1 martie"},"content":{"rendered":"<p style=\"text-align: justify;\"><a href=\"http:\/\/www.primariarovinari.ro\/wp-content\/uploads\/2010\/03\/df1martie.jpg\"><img loading=\"lazy\" decoding=\"async\" class=\"alignright size-full wp-image-635\" title=\"df1martie\" src=\"http:\/\/www.primariarovinari.ro\/wp-content\/uploads\/2010\/03\/df1martie.jpg\" alt=\"\" width=\"275\" height=\"298\" srcset=\"https:\/\/primariarovinari.ro\/old\/wp-content\/uploads\/2010\/03\/df1martie.jpg 500w, https:\/\/primariarovinari.ro\/old\/wp-content\/uploads\/2010\/03\/df1martie-276x300.jpg 276w\" sizes=\"auto, (max-width: 275px) 100vw, 275px\" \/><\/a>Ieri, Primarul ora\u015fului Rovinari, Dorin Filip \u015fi Viceprimarul Chivu    Lauren\u0163iu, au d\u0103ruit flori tuturor domni\u015foarelor \u015fi doamnelor pe care    le-au \u00eent\u00e2lnit prin ora\u015f cu ocazia zilei de 1 martie. Ace\u015ftia au luat  la   pas ora\u015ful \u015fi au d\u0103ruit tuturor reprezentantelor sexului frumos  c\u00e2te o   garoaf\u0103. Nu este pentru prima dat\u0103 c\u00e2nd edilii d\u0103ruiesc flori doamnelor  \u00een  prima  zi a lunii martie, acest gest frumos a devenit o obi\u015fnuin\u0163\u0103 de   c\u00e2nd  Dorin Filip este primarul ora\u015fului Rovinari.<\/p>\n<p style=\"text-align: justify;\">Nici angajatele Prim\u0103riei Rovinari nu au fost neglijate, acestea  primind  din partea primarului c\u00e2te o felicitare \u015fi c\u00e2te o floare. Primarul \u015fi-a  motivat gestul spun\u00e2nd c\u0103: &#8222;rolul femeii at\u00e2t \u00een  societate  c\u00e2t \u015fi \u00een  familie este unul deosebit de important, acestea  trebuie  s\u0103 se  bucure de aten\u0163ia b\u0103rba\u0163ilor \u00een permanen\u0163\u0103. Luna martie este luna  dedicat\u0103 femeilor \u015fi am decis s\u0103 marc\u0103m  \u00eentr-un  fel aceast\u0103 lun\u0103 prin a  acorda c\u00e2te-o floare doamnelor pe care  le-am  \u00eent\u00e2lnit&#8221;.<\/p>\n<p style=\"text-align: justify;\"><!--more--><a href=\"http:\/\/www.primariarovinari.ro\/wp-content\/uploads\/2010\/03\/vice1martie.jpg\"><img loading=\"lazy\" decoding=\"async\" class=\"size-full wp-image-638 alignleft\" title=\"vice1martie\" src=\"http:\/\/www.primariarovinari.ro\/wp-content\/uploads\/2010\/03\/vice1martie.jpg\" alt=\"\" width=\"250\" height=\"192\" \/><\/a><a href=\"http:\/\/www.primariarovinari.ro\/wp-content\/uploads\/2010\/03\/primar1martie8.jpg\"><img loading=\"lazy\" decoding=\"async\" class=\"size-full wp-image-639 alignright\" title=\"primar1martie8\" src=\"http:\/\/www.primariarovinari.ro\/wp-content\/uploads\/2010\/03\/primar1martie8.jpg\" alt=\"\" width=\"250\" height=\"200\" srcset=\"https:\/\/primariarovinari.ro\/old\/wp-content\/uploads\/2010\/03\/primar1martie8.jpg 500w, https:\/\/primariarovinari.ro\/old\/wp-content\/uploads\/2010\/03\/primar1martie8-300x239.jpg 300w\" sizes=\"auto, (max-width: 250px) 100vw, 250px\" \/><\/a><\/p>\n","protected":false},"excerpt":{"rendered":"<p>Ieri, Primarul ora\u015fului Rovinari, Dorin Filip \u015fi Viceprimarul Chivu Lauren\u0163iu, au d\u0103ruit flori tuturor domni\u015foarelor \u015fi doamnelor pe care le-au \u00eent\u00e2lnit prin ora\u015f cu ocazia zilei de 1 martie. Ace\u015ftia au luat la pas ora\u015ful \u015fi au d\u0103ruit tuturor reprezentantelor sexului frumos c\u00e2te o garoaf\u0103. Nu este pentru prima dat\u0103 c\u00e2nd edilii d\u0103ruiesc flori doamnelor [&hellip;]<\/p>\n","protected":false},"author":1001008,"featured_media":0,"comment_status":"open","ping_status":"open","sticky":false,"template":"","format":"standard","meta":{"ngg_post_thumbnail":0,"footnotes":""},"categories":[4],"tags":[123,126,127,125],"class_list":["post-634","post","type-post","status-publish","format-standard","hentry","category-informatii-locale","tag-1-martie","tag-doamne","tag-domnisoare","tag-flori"],"_links":{"self":[{"href":"https:\/\/primariarovinari.ro\/old\/wp-json\/wp\/v2\/posts\/634","targetHints":{"allow":["GET"]}}],"collection":[{"href":"https:\/\/primariarovinari.ro\/old\/wp-json\/wp\/v2\/posts"}],"about":[{"href":"https:\/\/primariarovinari.ro\/old\/wp-json\/wp\/v2\/types\/post"}],"author":[{"embeddable":true,"href":"https:\/\/primariarovinari.ro\/old\/wp-json\/wp\/v2\/users\/1001008"}],"replies":[{"embeddable":true,"href":"https:\/\/primariarovinari.ro\/old\/wp-json\/wp\/v2\/comments?post=634"}],"version-history":[{"count":0,"href":"https:\/\/primariarovinari.ro\/old\/wp-json\/wp\/v2\/posts\/634\/revisions"}],"wp:attachment":[{"href":"https:\/\/primariarovinari.ro\/old\/wp-json\/wp\/v2\/media?parent=634"}],"wp:term":[{"taxonomy":"category","embeddable":true,"href":"https:\/\/primariarovinari.ro\/old\/wp-json\/wp\/v2\/categories?post=634"},{"taxonomy":"post_tag","embeddable":true,"href":"https:\/\/primariarovinari.ro\/old\/wp-json\/wp\/v2\/tags?post=634"}],"curies":[{"name":"wp","href":"https:\/\/api.w.org\/{rel}","templated":true}]}}