{"id":6297,"date":"2013-08-08T09:03:31","date_gmt":"2013-08-08T07:03:31","guid":{"rendered":"http:\/\/www.primariarovinari.ro\/?p=6297"},"modified":"2013-08-13T08:11:25","modified_gmt":"2013-08-13T06:11:25","slug":"festivalul-berii-edi%c8%9bia-a-viii-a","status":"publish","type":"post","link":"https:\/\/primariarovinari.ro\/old\/2013\/08\/festivalul-berii-edi%c8%9bia-a-viii-a\/","title":{"rendered":"FESTIVALUL BERII, edi\u021bia a VIII-a"},"content":{"rendered":"<p><a href=\"http:\/\/www.primariarovinari.ro\/wp-content\/uploads\/2013\/08\/festival-bere-rovinari_resize.jpg\"><img loading=\"lazy\" decoding=\"async\" class=\"alignright size-medium wp-image-6298\" style=\"margin-top: 5px; margin-bottom: 5px;\" title=\"festival bere rovinari_resize\" src=\"http:\/\/www.primariarovinari.ro\/wp-content\/uploads\/2013\/08\/festival-bere-rovinari_resize-212x300.jpg\" alt=\"\" width=\"212\" height=\"300\" srcset=\"https:\/\/primariarovinari.ro\/old\/wp-content\/uploads\/2013\/08\/festival-bere-rovinari_resize-212x300.jpg 212w, https:\/\/primariarovinari.ro\/old\/wp-content\/uploads\/2013\/08\/festival-bere-rovinari_resize.jpg 483w\" sizes=\"auto, (max-width: 212px) 100vw, 212px\" \/><\/a><\/p>\n<p style=\"text-align: justify;\">Prim\u0103ria \u015fi Consiliul Local Rovinari al\u0103turi de Casa de Cultur\u0103 \u015fi Biblioteca Ora\u015fului Rovinari informeaz\u0103 cet\u0103\u0163enii ora\u015fului, precum \u015fi agen\u0163ii economici interesa\u0163i, asupra faptului c\u0103 cea de-a VIII-a edi\u0163ie a Festivalului Berii se va desf\u0103\u015fura \u00een perioada 12-18 august 2013.<\/p>\n<p style=\"text-align: justify;\">Activit\u0103\u021bile din cadrul manifest\u0103rii se vor sus\u021bine pe Bulevardul Minerilor, iar concursurile sportive se vor organiza \u00een incinta \u0218trandului Or\u0103\u0219enesc Rovinari.<\/p>\n<div id=\"_mcePaste\" style=\"text-align: center;\"><strong>Programul manifest\u0103rii:<\/strong><\/div>\n<p><strong>S\u00e2mb\u0103t\u0103 \u2013 17.08.2013<\/strong><\/p>\n<p>Orele 16:00 \u2013 Concursuri \u0219i \u00eentreceri sportive<\/p>\n<p>Orele 21:00 \u2013 Programul folcloric sus\u021binut de copiii rovin\u0103reni &#8211; Clubul Copiilor Rovinari<\/p>\n<p><!--more-->Orele 22:30 \u2013 Spectacol Muzical \u2013 Dumitru Vasilescu &amp; Mr. Juve<\/p>\n<p><strong>Duminic\u0103 \u2013 18.08.2013<\/strong><\/p>\n<p>Orele 16:00 &#8211; Concursuri \u0219i \u00eentreceri sportive<\/p>\n<p>Orele 19:30 &#8211; Programul folcloric sus\u021binut de copiii rovin\u0103reni &#8211; \u0218coala Popular\u0103 de Art\u0103, Sec\u021bia Rovinari<\/p>\n<p>Orele 21:00 &#8211; Spectacol Muzical \u2013 Susanu &amp; Valencio &amp; Asu &amp; Bobby &amp; Denisa<\/p>\n<p style=\"text-align: justify;\">\n","protected":false},"excerpt":{"rendered":"<p>Prim\u0103ria \u015fi Consiliul Local Rovinari al\u0103turi de Casa de Cultur\u0103 \u015fi Biblioteca Ora\u015fului Rovinari informeaz\u0103 cet\u0103\u0163enii ora\u015fului, precum \u015fi agen\u0163ii economici interesa\u0163i, asupra faptului c\u0103 cea de-a VIII-a edi\u0163ie a Festivalului Berii se va desf\u0103\u015fura \u00een perioada 12-18 august 2013. Activit\u0103\u021bile din cadrul manifest\u0103rii se vor sus\u021bine pe Bulevardul Minerilor, iar concursurile sportive se vor [&hellip;]<\/p>\n","protected":false},"author":1001008,"featured_media":0,"comment_status":"open","ping_status":"open","sticky":false,"template":"","format":"standard","meta":{"ngg_post_thumbnail":0,"footnotes":""},"categories":[4],"tags":[514,49],"class_list":["post-6297","post","type-post","status-publish","format-standard","hentry","category-informatii-locale","tag-editia-a-viii-a","tag-festivalul-berii"],"_links":{"self":[{"href":"https:\/\/primariarovinari.ro\/old\/wp-json\/wp\/v2\/posts\/6297","targetHints":{"allow":["GET"]}}],"collection":[{"href":"https:\/\/primariarovinari.ro\/old\/wp-json\/wp\/v2\/posts"}],"about":[{"href":"https:\/\/primariarovinari.ro\/old\/wp-json\/wp\/v2\/types\/post"}],"author":[{"embeddable":true,"href":"https:\/\/primariarovinari.ro\/old\/wp-json\/wp\/v2\/users\/1001008"}],"replies":[{"embeddable":true,"href":"https:\/\/primariarovinari.ro\/old\/wp-json\/wp\/v2\/comments?post=6297"}],"version-history":[{"count":0,"href":"https:\/\/primariarovinari.ro\/old\/wp-json\/wp\/v2\/posts\/6297\/revisions"}],"wp:attachment":[{"href":"https:\/\/primariarovinari.ro\/old\/wp-json\/wp\/v2\/media?parent=6297"}],"wp:term":[{"taxonomy":"category","embeddable":true,"href":"https:\/\/primariarovinari.ro\/old\/wp-json\/wp\/v2\/categories?post=6297"},{"taxonomy":"post_tag","embeddable":true,"href":"https:\/\/primariarovinari.ro\/old\/wp-json\/wp\/v2\/tags?post=6297"}],"curies":[{"name":"wp","href":"https:\/\/api.w.org\/{rel}","templated":true}]}}