{"id":6285,"date":"2013-08-05T08:24:33","date_gmt":"2013-08-05T06:24:33","guid":{"rendered":"http:\/\/www.primariarovinari.ro\/?p=6285"},"modified":"2013-08-05T08:25:17","modified_gmt":"2013-08-05T06:25:17","slug":"festivalul-berii-editia-a-viii-a-12-18-august-2013","status":"publish","type":"post","link":"https:\/\/primariarovinari.ro\/old\/2013\/08\/festivalul-berii-editia-a-viii-a-12-18-august-2013\/","title":{"rendered":"Festivalul Berii edi\u0163ia a VIII-a: 12-18 august 2013"},"content":{"rendered":"<p style=\"text-align: justify;\">Prim\u0103ria \u015fi Consiliul Local Rovinari al\u0103turi de Casa de Cultur\u0103 \u015fi Biblioteca Ora\u015fului Rovinari informeaz\u0103 cet\u0103\u0163enii ora\u015fului, precum \u015fi agen\u0163ii economici interesa\u0163i, asupra faptului c\u0103 cea de-a VIII-a edi\u0163ie a Festivalului Berii se va desf\u0103\u015fura \u00een perioada 12-18 august 2013.<\/p>\n","protected":false},"excerpt":{"rendered":"<p>Prim\u0103ria \u015fi Consiliul Local Rovinari al\u0103turi de Casa de Cultur\u0103 \u015fi Biblioteca Ora\u015fului Rovinari informeaz\u0103 cet\u0103\u0163enii ora\u015fului, precum \u015fi agen\u0163ii economici interesa\u0163i, asupra faptului c\u0103 cea de-a VIII-a edi\u0163ie a Festivalului Berii se va desf\u0103\u015fura \u00een perioada 12-18 august 2013.<\/p>\n","protected":false},"author":1001008,"featured_media":0,"comment_status":"open","ping_status":"open","sticky":false,"template":"","format":"standard","meta":{"ngg_post_thumbnail":0,"footnotes":""},"categories":[9],"tags":[49],"class_list":["post-6285","post","type-post","status-publish","format-standard","hentry","category-anunturi","tag-festivalul-berii"],"_links":{"self":[{"href":"https:\/\/primariarovinari.ro\/old\/wp-json\/wp\/v2\/posts\/6285","targetHints":{"allow":["GET"]}}],"collection":[{"href":"https:\/\/primariarovinari.ro\/old\/wp-json\/wp\/v2\/posts"}],"about":[{"href":"https:\/\/primariarovinari.ro\/old\/wp-json\/wp\/v2\/types\/post"}],"author":[{"embeddable":true,"href":"https:\/\/primariarovinari.ro\/old\/wp-json\/wp\/v2\/users\/1001008"}],"replies":[{"embeddable":true,"href":"https:\/\/primariarovinari.ro\/old\/wp-json\/wp\/v2\/comments?post=6285"}],"version-history":[{"count":0,"href":"https:\/\/primariarovinari.ro\/old\/wp-json\/wp\/v2\/posts\/6285\/revisions"}],"wp:attachment":[{"href":"https:\/\/primariarovinari.ro\/old\/wp-json\/wp\/v2\/media?parent=6285"}],"wp:term":[{"taxonomy":"category","embeddable":true,"href":"https:\/\/primariarovinari.ro\/old\/wp-json\/wp\/v2\/categories?post=6285"},{"taxonomy":"post_tag","embeddable":true,"href":"https:\/\/primariarovinari.ro\/old\/wp-json\/wp\/v2\/tags?post=6285"}],"curies":[{"name":"wp","href":"https:\/\/api.w.org\/{rel}","templated":true}]}}