{"id":6171,"date":"2013-06-26T11:36:39","date_gmt":"2013-06-26T09:36:39","guid":{"rendered":"http:\/\/www.primariarovinari.ro\/?p=6171"},"modified":"2013-06-26T11:39:54","modified_gmt":"2013-06-26T09:39:54","slug":"conferinta-de-diseminare-a-proiectului-tineri-pentru-viitor","status":"publish","type":"post","link":"https:\/\/primariarovinari.ro\/old\/2013\/06\/conferinta-de-diseminare-a-proiectului-tineri-pentru-viitor\/","title":{"rendered":"Conferin\u0163a de diseminare a Proiectului &#8222;TINERI PENTRU VIITOR !&#8221;"},"content":{"rendered":"<p style=\"text-align: justify;\"><a href=\"http:\/\/www.primariarovinari.ro\/wp-content\/uploads\/2013\/06\/DSCI2823_resize.jpg\"><img loading=\"lazy\" decoding=\"async\" class=\"alignright size-medium wp-image-6172\" style=\"margin-top: 5px; margin-bottom: 5px;\" title=\"DSCI2823_resize\" src=\"http:\/\/www.primariarovinari.ro\/wp-content\/uploads\/2013\/06\/DSCI2823_resize-300x200.jpg\" alt=\"\" width=\"300\" height=\"200\" srcset=\"https:\/\/primariarovinari.ro\/old\/wp-content\/uploads\/2013\/06\/DSCI2823_resize-300x200.jpg 300w, https:\/\/primariarovinari.ro\/old\/wp-content\/uploads\/2013\/06\/DSCI2823_resize.jpg 1024w\" sizes=\"auto, (max-width: 300px) 100vw, 300px\" \/><\/a>Grupul de Ini\u0163iativ\u0103 Local\u0103 Rovinari a implementat \u00een perioada 01 ianuarie 2013 \u2013 30 iunie 2013, proiectul \u201eTineri pentru viitor!\u201d, finan\u0163at de c\u0103tre Comisia European\u0103, prin programul \u201eTineret in ac\u0163iune\u201d, ac\u0163iunea \u201eTineri pentru Europa\u201d, sub-ac\u0163iunea 1.2. \u201eIni\u0163iative ale tinerilor\u201d, \u00een cadrul Apelului lansat de c\u0103tre ANPCDEFP, la 1 octombrie 2012.<\/p>\n<p style=\"text-align: justify;\">Grupul de ini\u0163iativ\u0103 local\u0103 Rovinari, \u00een calitate de promotor al proiectului mai sus-men\u0163ionat, a fost sprijinit, \u00een derularea activit\u0103\u0163ilor, de c\u0103tre cei doi parteneri ai s\u0103i, Prim\u0103ria ora\u0219ului Rovinari \u0219i \u0218coala cu clasele I-VIII Nr 1 Rovinari.<\/p>\n<p style=\"text-align: justify;\"><!--more-->Scopul proiectului propus l-a constituit abilitarea a 10 tineri, pentru a desf\u0103\u0219ura activit\u0103\u0163i de con\u0219tientizare, \u00een r\u00e2ndul adolescen\u0163ilor \u0219i al tinerilor cu oportunit\u0103\u0163i reduse, privind importan\u0163\u0103 metodelor de dezvoltare personal\u0103 \u0219i social\u0103, \u00een combaterea delincven\u0163ei juvenile.<\/p>\n<p style=\"text-align: justify;\">Obiectivele propuse:<br \/>\n1.\tDezvoltarea, la 10 tineri, a abilit\u0103\u0163ilor de a realiza activit\u0103\u0163i educative nonformale, \u00een scopul prevenirii delincven\u0163ei juvenile, \u00een r\u00e2ndul adolescen\u0163ilor \u0219i al tinerilor cu oportunit\u0103\u0163i reduse.<br \/>\n2.\tOrganizarea \u0219i desf\u0103\u0219urarea atelierelor de prevenire a delincven\u0163ei juvenile, acestea implic\u00e2nd ca beneficiari direc\u0163i (pe l\u00e2ng\u0103 cei 10 participan\u0163i din grupul de ini\u0163iativ\u0103), al\u0163i 15 adolescen\u0163i, din cadrul \u0218colii cu clasele I-VIII Nr 1 Rovinari, afla\u0163i in situatii de risc social (rezultate \u0219colare slabe, dificult\u0103\u0163i de rela\u0163ionare \u0219i adaptare, tendin\u0163e\/ comportamente de risc).<br \/>\n3.\tCrearea unei asocia\u0163ii, care s\u0103 aib\u0103 drept scop, continuarea activit\u0103\u0163ilor de sus\u0163inere a tinerilor \u0219i a membrilor comunit\u0103\u0163ii, marginaliza\u0163i sau afla\u0163i \u00een situa\u0163ii de risc social.<\/p>\n<p style=\"text-align: justify;\">Vineri, 21 iunie, a avut loc, la sediul Prim\u0103riei ora\u0219ului Rovinari, conferin\u0163a de diseminare suplimentara, organizata in cadrul proiectului \u201eTineri pentru viitor!\u201d.\u00a0La eveniment au participat 55 de persoane: membrii grupului de ini\u0163iativ\u0103, reprezentan\u0163i ai partenerilor (angaja\u0163i \u00a0ai prim\u0103riei, consilieri locali, elevi din grupul-\u0163int\u0103 desemnat \u00een cadrul activit\u0103\u0163ii de organizare a atelierelor de prevenire a delincven\u0163ei juvenile), invita\u0163i din comunitatea local\u0103.<\/p>\n<p style=\"text-align: justify;\">Intalnirea a avut drept scop diseminarea rezultatelor proiectului mai sus-mentionat.\u00a0Cu aceasta ocazie, au fost promovate metodele educatiei non-formale, programul Tineret in Actiune, obiectivele si directiile de actiune ale acestuia, au fost prezentate gradul de atingere a indicatorilor asumati prin cererea de finantare si livrabilele realizate in timpul implementarii activitatilor.\u00a0Elevii din grupul-tinta participanti la eveniment, si-au exprimat impresiile legate de activitatile la care au participat, precum si dorinta de a continua acest gen de activitati extrascolare.<\/p>\n<p style=\"text-align: justify;\">Conferin\u0163a a cotinuat cu dezbateri libere, privind sustenabilitatea proiectului si modalitatile de a promova demersul initiat, parteneriatul manifestandu-si intentia de a continua activitatile de sprijinire a tinerilor din comunitatea locala.<\/p>\n","protected":false},"excerpt":{"rendered":"<p>Grupul de Ini\u0163iativ\u0103 Local\u0103 Rovinari a implementat \u00een perioada 01 ianuarie 2013 \u2013 30 iunie 2013, proiectul \u201eTineri pentru viitor!\u201d, finan\u0163at de c\u0103tre Comisia European\u0103, prin programul \u201eTineret in ac\u0163iune\u201d, ac\u0163iunea \u201eTineri pentru Europa\u201d, sub-ac\u0163iunea 1.2. \u201eIni\u0163iative ale tinerilor\u201d, \u00een cadrul Apelului lansat de c\u0103tre ANPCDEFP, la 1 octombrie 2012. Grupul de ini\u0163iativ\u0103 local\u0103 Rovinari, [&hellip;]<\/p>\n","protected":false},"author":1001008,"featured_media":0,"comment_status":"open","ping_status":"open","sticky":false,"template":"","format":"standard","meta":{"ngg_post_thumbnail":0,"footnotes":""},"categories":[8],"tags":[504],"class_list":["post-6171","post","type-post","status-publish","format-standard","hentry","category-proiecte","tag-tineri-pentru-viitor"],"_links":{"self":[{"href":"https:\/\/primariarovinari.ro\/old\/wp-json\/wp\/v2\/posts\/6171","targetHints":{"allow":["GET"]}}],"collection":[{"href":"https:\/\/primariarovinari.ro\/old\/wp-json\/wp\/v2\/posts"}],"about":[{"href":"https:\/\/primariarovinari.ro\/old\/wp-json\/wp\/v2\/types\/post"}],"author":[{"embeddable":true,"href":"https:\/\/primariarovinari.ro\/old\/wp-json\/wp\/v2\/users\/1001008"}],"replies":[{"embeddable":true,"href":"https:\/\/primariarovinari.ro\/old\/wp-json\/wp\/v2\/comments?post=6171"}],"version-history":[{"count":0,"href":"https:\/\/primariarovinari.ro\/old\/wp-json\/wp\/v2\/posts\/6171\/revisions"}],"wp:attachment":[{"href":"https:\/\/primariarovinari.ro\/old\/wp-json\/wp\/v2\/media?parent=6171"}],"wp:term":[{"taxonomy":"category","embeddable":true,"href":"https:\/\/primariarovinari.ro\/old\/wp-json\/wp\/v2\/categories?post=6171"},{"taxonomy":"post_tag","embeddable":true,"href":"https:\/\/primariarovinari.ro\/old\/wp-json\/wp\/v2\/tags?post=6171"}],"curies":[{"name":"wp","href":"https:\/\/api.w.org\/{rel}","templated":true}]}}