{"id":6073,"date":"2013-06-21T08:17:51","date_gmt":"2013-06-21T06:17:51","guid":{"rendered":"http:\/\/www.primariarovinari.ro\/?p=6073"},"modified":"2013-06-21T08:35:27","modified_gmt":"2013-06-21T06:35:27","slug":"conferinta-educatie-pentru-sanatate-o-perspectiva-pedagogica","status":"publish","type":"post","link":"https:\/\/primariarovinari.ro\/old\/2013\/06\/conferinta-educatie-pentru-sanatate-o-perspectiva-pedagogica\/","title":{"rendered":"Conferin\u0163a Educa\u0163ie pentru S\u0103n\u0103tate &#8211; o perspectiv\u0103 pedagogic\u0103"},"content":{"rendered":"<p style=\"text-align: justify;\"><a href=\"http:\/\/youtu.be\/HYiOeQzOaWY\" target=\"_blank\"><img loading=\"lazy\" decoding=\"async\" class=\"alignright size-medium wp-image-6076\" style=\"margin-top: 5px; margin-bottom: 5px;\" title=\"rovinari  conferinte (5)\" src=\"http:\/\/www.primariarovinari.ro\/wp-content\/uploads\/2013\/06\/rovinari-conferinte-5-300x200.jpg\" alt=\"\" width=\"300\" height=\"200\" srcset=\"https:\/\/primariarovinari.ro\/old\/wp-content\/uploads\/2013\/06\/rovinari-conferinte-5-300x200.jpg 300w, https:\/\/primariarovinari.ro\/old\/wp-content\/uploads\/2013\/06\/rovinari-conferinte-5.jpg 1024w\" sizes=\"auto, (max-width: 300px) 100vw, 300px\" \/><\/a>Consiliul Local Rovinari, Centrul pentru Educa\u0163ie \u015fi Consultan\u0163\u0103 Instrumente Structurale \u015fi \u015ecoala Gimnazial\u0103 nr. 3 Rovinari \u00a0au g\u0103zduit \u00een perioada 18-21 iunie 2013, vizita partenerilor transna\u0163ionali din Turcia (Inspectoratul \u015ecolar din Rize, Direc\u0163ia de S\u0103n\u0103tate din Rize, Fener Lisesi (\u015ecoala General\u0103) \u015fi \u00d6zel \u015eahika Salih Kalkavan \u0130lk\u00f6\u011fretim Okulu (\u015ecoala Primar\u0103).<\/p>\n<p style=\"text-align: justify;\">Vizita s-a desf\u0103\u015furat \u00een cadrul proiectului \u201cHealthy Lifestyle\u2019s Education\u201d, proiect finan\u0163at de Comisia European\u0103, prin Programul \u00cenv\u0103\u0163are pe Tot Parcursul Vie\u0163ii \u2013 Comenius Regio \u015fi cofinan\u0163at de Consiliul Local Rovinari.<\/p>\n<p style=\"text-align: justify;\"><!--more-->Programul acestei mobilit\u0103\u0163i a cuprins:<br \/>\n1.\tDerularea Conferin\u0163ei Educa\u0163ie pentru S\u0103n\u0103tate &#8211; obiectivul principal a fost promovarea educa\u0163iei pentru s\u0103n\u0103tate \u015fi realizarea schimbului de bune practici \u00eentre institu\u0163iile partenere. La conferin\u0163\u0103 au participat p\u0103rin\u0163i, cadre didactice, consilieri locali, lucr\u0103tori de tineret. Programul conferin\u0163ei a cuprins:<br \/>\n&#8211;\tManagerul proiectului \u015fi totodat\u0103 pre\u015fedintele asocia\u0163iei CECIS a deschis evenimentul prin prezentarea obiectivelor conferin\u0163ei \u015fi a invita\u0163ilor<br \/>\n&#8211;\tDr. LEONARD VULPE, medic specialist medicina de familie \u015fi homeopatie a realizat prezentarea Copiii no\u015ftri, \u00ceNCOTRO? \u00a0Prezentarea acestuia a abordat principalele cauze \u00a0ale sc\u0103derii nivelului de s\u0103n\u0103tate la copii, factorii cauzatori de boal\u0103, obiceiuri nes\u0103n\u0103toase ale familiilor \u015fi copiilor implicit. Totodat\u0103 prin informa\u0163iile oferite s-au oferit \u00a0celor prezen\u0163i recomand\u0103ri pertinente pentru adoptarea unui stil de via\u0163\u0103 s\u0103n\u0103tos \u00een s\u00e2nul familiei.<br \/>\n&#8211;\tADINA ENACHE, formator cu o experien\u0163\u0103 vast\u0103 de 7 ani a realizat prezentarea Educa\u0163ia pentru s\u0103n\u0103tate \u2013 o perspectiv\u0103 psihopedagogic\u0103 a \u00a0abordat c\u00e2teva metode utile \u00een domeniul educa\u0163iei pentru s\u0103n\u0103tate, axate \u00een principal pe \u00eenv\u0103\u0163area non-formal\u0103.<br \/>\n&#8211;\tMARIA TOMESCU , psiholog clinician specialist si psihoterapeut a abordat<br \/>\ntematica s\u0103n\u0103t\u0103\u0163ii mintale ax\u00e2ndu-se \u00een principal pe formarea personalit\u0103\u0163ii \u00a0copiilor din punct de vedere al educa\u0163iei pentru s\u0103n\u0103tate mintal\u0103. Prezentarea a oferit exemple de via\u0163\u0103 conform principiilor s\u0103n\u0103t\u0103\u0163ii mintale existente \u00een literatura de specialitate.<br \/>\n&#8211;\tNURAL KAL PERTEK, un reprezentant de la Direc\u0163ia de S\u0103n\u0103tate Public\u0103 din Rize a trecut \u00een revist\u0103 principalele programe derulate de institu\u0163ie \u00een vederea educ\u0103rii copiilor pentru un stil de via\u0163\u0103 s\u0103n\u0103tos.<\/p>\n<p style=\"text-align: justify;\"><a href=\"http:\/\/www.primariarovinari.ro\/wp-content\/uploads\/2013\/06\/rovinari-conferinte-11.jpg\"><img loading=\"lazy\" decoding=\"async\" class=\"alignleft size-medium wp-image-6078\" style=\"margin-top: 5px; margin-bottom: 5px;\" title=\"rovinari  conferinte (11)\" src=\"http:\/\/www.primariarovinari.ro\/wp-content\/uploads\/2013\/06\/rovinari-conferinte-11-300x200.jpg\" alt=\"\" width=\"300\" height=\"200\" srcset=\"https:\/\/primariarovinari.ro\/old\/wp-content\/uploads\/2013\/06\/rovinari-conferinte-11-300x200.jpg 300w, https:\/\/primariarovinari.ro\/old\/wp-content\/uploads\/2013\/06\/rovinari-conferinte-11.jpg 1024w\" sizes=\"auto, (max-width: 300px) 100vw, 300px\" \/><\/a>Conferin\u0163a a oferit posibilitatea schimbului de bune practici \u015fi cuno\u015ftin\u0163e \u00een domeniul educa\u0163iei pentru s\u0103n\u0103tate, participan\u0163ii au con\u015ftientizat importan\u0163a educa\u0163iei pentru s\u0103n\u0103tate. Cadrele didactice participante au \u00eenv\u0103\u0163at lucruri noi care \u00eei pot ajuta at\u00e2t \u00een activitatea profesional\u0103 c\u00e2t \u015fi personal\u0103.<\/p>\n<p style=\"text-align: justify;\">2.\tDiseminarea proiectului prin organizarea unei conferin\u0163e ce a avut loc la Casa de Cultur\u0103 din Rovinari. La eveniment au participat p\u0103rin\u0163i, cadre didactice, consilieri locali, lucr\u0103tori de tineret. Programul conferin\u0163ei a cuprins: realizarea unor prezent\u0103ri cu privire la procesul de implementare a \u00a0proiectului Healthy Lifestyle Education, experien\u0163a \u015fi impactul proiectului asupra institu\u0163iilor partenere \u00een proiect.<\/p>\n<p style=\"text-align: justify;\">Vizita partenerilor turci a \u00a0fost \u00eencheiat\u0103 cu o discu\u0163ie de evaluare final\u0103 a proiectului. Parteneriatul local \u015fi transna\u0163ional a fost unul \u00a0constructiv, s-au primit informa\u0163ii utile, s-au \u00eenv\u0103\u0163at lucruri noi.\u00a0Cadrele didactice au dob\u00e2ndit capacitatea de a se \u00eengriji de s\u0103n\u0103tatea \u015fi bun\u0103starea elevilor lor. P\u0103rin\u0163ii au fost \u00a0con\u015ftientiza\u0163i pe tematica educa\u0163iei parental\u0103 av\u00e2nd posibilitatea de a-\u015fi \u00eent\u0103ri capacitatea de a cre\u015fte copii s\u0103n\u0103to\u015fi fizic \u015fi echilibra\u0163i emo\u0163ional.<\/p>\n<p style=\"text-align: justify;\">Mobilit\u0103\u0163ile din cadrul proiectului \u00a0au cuprins pe de-o parte activit\u0103\u0163i de \u00eenv\u0103\u0163are, iar pe de alt\u0103 parte activit\u0103\u0163i culturale, recreative care au permis \u00eent\u0103rirea coeziunii la nivelul parteneriatului, \u00eembun\u0103t\u0103\u0163irea rela\u0163iilor de cooperare si comunicare.<\/p>\n<p><span style=\"text-align: justify;\">ngg_shortcode_0_placeholder<\/span><\/p>\n","protected":false},"excerpt":{"rendered":"<p>Consiliul Local Rovinari, Centrul pentru Educa\u0163ie \u015fi Consultan\u0163\u0103 Instrumente Structurale \u015fi \u015ecoala Gimnazial\u0103 nr. 3 Rovinari \u00a0au g\u0103zduit \u00een perioada 18-21 iunie 2013, vizita partenerilor transna\u0163ionali din Turcia (Inspectoratul \u015ecolar din Rize, Direc\u0163ia de S\u0103n\u0103tate din Rize, Fener Lisesi (\u015ecoala General\u0103) \u015fi \u00d6zel \u015eahika Salih Kalkavan \u0130lk\u00f6\u011fretim Okulu (\u015ecoala Primar\u0103). Vizita s-a desf\u0103\u015furat \u00een cadrul [&hellip;]<\/p>\n","protected":false},"author":1001008,"featured_media":0,"comment_status":"open","ping_status":"open","sticky":false,"template":"","format":"standard","meta":{"ngg_post_thumbnail":0,"footnotes":""},"categories":[496],"tags":[489,310],"class_list":["post-6073","post","type-post","status-publish","format-standard","hentry","category-proiect-healthy-lifestyles-education","tag-educatie","tag-sanatate"],"_links":{"self":[{"href":"https:\/\/primariarovinari.ro\/old\/wp-json\/wp\/v2\/posts\/6073","targetHints":{"allow":["GET"]}}],"collection":[{"href":"https:\/\/primariarovinari.ro\/old\/wp-json\/wp\/v2\/posts"}],"about":[{"href":"https:\/\/primariarovinari.ro\/old\/wp-json\/wp\/v2\/types\/post"}],"author":[{"embeddable":true,"href":"https:\/\/primariarovinari.ro\/old\/wp-json\/wp\/v2\/users\/1001008"}],"replies":[{"embeddable":true,"href":"https:\/\/primariarovinari.ro\/old\/wp-json\/wp\/v2\/comments?post=6073"}],"version-history":[{"count":0,"href":"https:\/\/primariarovinari.ro\/old\/wp-json\/wp\/v2\/posts\/6073\/revisions"}],"wp:attachment":[{"href":"https:\/\/primariarovinari.ro\/old\/wp-json\/wp\/v2\/media?parent=6073"}],"wp:term":[{"taxonomy":"category","embeddable":true,"href":"https:\/\/primariarovinari.ro\/old\/wp-json\/wp\/v2\/categories?post=6073"},{"taxonomy":"post_tag","embeddable":true,"href":"https:\/\/primariarovinari.ro\/old\/wp-json\/wp\/v2\/tags?post=6073"}],"curies":[{"name":"wp","href":"https:\/\/api.w.org\/{rel}","templated":true}]}}