{"id":606,"date":"2010-02-11T10:33:57","date_gmt":"2010-02-11T08:33:57","guid":{"rendered":"http:\/\/www.primariarovinari.ro\/?p=606"},"modified":"2010-03-22T18:40:31","modified_gmt":"2010-03-22T16:40:31","slug":"dorin-filip-a-dispus-actionarea-in-regim-de-urgenta-pentru-deszapezire","status":"publish","type":"post","link":"https:\/\/primariarovinari.ro\/old\/2010\/02\/dorin-filip-a-dispus-actionarea-in-regim-de-urgenta-pentru-deszapezire\/","title":{"rendered":"Dorin Filip a dispus ac\u0163ionarea \u00een regim de urgen\u0163\u0103 pentru desz\u0103pezire"},"content":{"rendered":"<p><object style=\"width: 275px; height: 220px;\" classid=\"clsid:d27cdb6e-ae6d-11cf-96b8-444553540000\" width=\"275\" height=\"220\" codebase=\"http:\/\/download.macromedia.com\/pub\/shockwave\/cabs\/flash\/swflash.cab#version=6,0,40,0\"><param name=\"src\" value=\"http:\/\/www.youtube.com\/v\/88JrYqDK0IU&amp;hl=en_US&amp;fs=1&amp;\" \/><param name=\"align\" value=\"right\" \/><param name=\"vspace\" value=\"10\" \/><param name=\"hspace\" value=\"10\" \/><embed style=\"width: 275px; height: 220px;\" type=\"application\/x-shockwave-flash\" width=\"275\" height=\"220\" src=\"http:\/\/www.youtube.com\/v\/88JrYqDK0IU&amp;hl=en_US&amp;fs=1&amp;\" hspace=\"10\" vspace=\"10\" align=\"right\"><\/embed><\/object><\/p>\n<p style=\"text-align: justify;\">\u00cen diminea\u0163a de 11 februarie 2010, primarul ora\u015fului Rovinari, Dorin   Filip \u015fi-a a\u015fteptat angaja\u0163ii \u00een fa\u0163a prim\u0103riei. La ora 8 diminea\u0163a  to\u0163i  angaja\u0163ii au \u00eenceput s\u0103 cure\u0163e z\u0103pada din curtea prim\u0103riei, precum  \u015fi  de pe trotuarele \u015fi parcarea din fa\u0163a institu\u0163iei. \u00cen frunte cu  primarul, viceprimarul, secretarul \u015fi administratorul  public,  func\u0163ionarii publici au l\u0103sat pentru aproximariv o or\u0103 munca de  birou \u015fi  au dat un exemplu de munc\u0103 \u00een beneficiul comunit\u0103\u0163ii.  Primarul Dorin Filip este \u015feful comandamentului de iarn\u0103 \u015fi a condus    ac\u0163iunea de desz\u0103pezire din ora\u015f.<\/p>\n<p style=\"text-align: justify;\"><!--more-->Din cauza c\u0103derilor masive de z\u0103pad\u0103 \u015fi a codului galben au fost  sco\u015fi \u00een strad\u0103 \u00eenc\u0103 din cursul nop\u0163ii angaja\u0163ii de la Spa\u0163ii Verzi,  angaja\u0163ii de la Ap\u0103 Canal \u015fi Salubritate, dar \u015fi beneficiarii ajutorului  social conform Legii 416\/2001, acestora li s-a trasat sarcina de a  degaja z\u0103pada de pe trotuare, dar \u015fi de la intr\u0103rile \u00een unit\u0103\u0163ile de  \u00eenv\u0103\u0163\u0103m\u00e2nt \u015fi spital. Primarul ora\u015fului face un apel \u015fi la agen\u0163ii  economici pentru a cur\u0103\u0163a zapad\u0103 din fa\u0163a magazinelor.<a href=\"http:\/\/www.primariarovinari.ro\/wp-content\/uploads\/2010\/03\/zapadaa.jpg\"><img loading=\"lazy\" decoding=\"async\" class=\"aligncenter size-full wp-image-607\" title=\"zapadaa\" src=\"http:\/\/www.primariarovinari.ro\/wp-content\/uploads\/2010\/03\/zapadaa.jpg\" alt=\"\" width=\"500\" height=\"294\" srcset=\"https:\/\/primariarovinari.ro\/old\/wp-content\/uploads\/2010\/03\/zapadaa.jpg 500w, https:\/\/primariarovinari.ro\/old\/wp-content\/uploads\/2010\/03\/zapadaa-300x176.jpg 300w\" sizes=\"auto, (max-width: 500px) 100vw, 500px\" \/><\/a><\/p>\n","protected":false},"excerpt":{"rendered":"<p>\u00cen diminea\u0163a de 11 februarie 2010, primarul ora\u015fului Rovinari, Dorin Filip \u015fi-a a\u015fteptat angaja\u0163ii \u00een fa\u0163a prim\u0103riei. La ora 8 diminea\u0163a to\u0163i angaja\u0163ii au \u00eenceput s\u0103 cure\u0163e z\u0103pada din curtea prim\u0103riei, precum \u015fi de pe trotuarele \u015fi parcarea din fa\u0163a institu\u0163iei. \u00cen frunte cu primarul, viceprimarul, secretarul \u015fi administratorul public, func\u0163ionarii publici au l\u0103sat pentru [&hellip;]<\/p>\n","protected":false},"author":1001008,"featured_media":0,"comment_status":"open","ping_status":"open","sticky":false,"template":"","format":"standard","meta":{"ngg_post_thumbnail":0,"footnotes":""},"categories":[4],"tags":[113,114,115],"class_list":["post-606","post","type-post","status-publish","format-standard","hentry","category-informatii-locale","tag-deszapezire","tag-functionari","tag-zapada"],"_links":{"self":[{"href":"https:\/\/primariarovinari.ro\/old\/wp-json\/wp\/v2\/posts\/606","targetHints":{"allow":["GET"]}}],"collection":[{"href":"https:\/\/primariarovinari.ro\/old\/wp-json\/wp\/v2\/posts"}],"about":[{"href":"https:\/\/primariarovinari.ro\/old\/wp-json\/wp\/v2\/types\/post"}],"author":[{"embeddable":true,"href":"https:\/\/primariarovinari.ro\/old\/wp-json\/wp\/v2\/users\/1001008"}],"replies":[{"embeddable":true,"href":"https:\/\/primariarovinari.ro\/old\/wp-json\/wp\/v2\/comments?post=606"}],"version-history":[{"count":0,"href":"https:\/\/primariarovinari.ro\/old\/wp-json\/wp\/v2\/posts\/606\/revisions"}],"wp:attachment":[{"href":"https:\/\/primariarovinari.ro\/old\/wp-json\/wp\/v2\/media?parent=606"}],"wp:term":[{"taxonomy":"category","embeddable":true,"href":"https:\/\/primariarovinari.ro\/old\/wp-json\/wp\/v2\/categories?post=606"},{"taxonomy":"post_tag","embeddable":true,"href":"https:\/\/primariarovinari.ro\/old\/wp-json\/wp\/v2\/tags?post=606"}],"curies":[{"name":"wp","href":"https:\/\/api.w.org\/{rel}","templated":true}]}}