{"id":6055,"date":"2013-06-17T11:56:50","date_gmt":"2013-06-17T09:56:50","guid":{"rendered":"http:\/\/www.primariarovinari.ro\/?p=6055"},"modified":"2013-06-17T12:03:17","modified_gmt":"2013-06-17T10:03:17","slug":"ziua-eroilor-moment-de-emotie-sensibilitate-si-patriotism","status":"publish","type":"post","link":"https:\/\/primariarovinari.ro\/old\/2013\/06\/ziua-eroilor-moment-de-emotie-sensibilitate-si-patriotism\/","title":{"rendered":"La Rovinari: Ziua Eroilor &#8211; moment de emo\u0163ie, sensibilitate \u015fi patriotism"},"content":{"rendered":"<p style=\"text-align: justify;\"><a href=\"http:\/\/youtu.be\/AM3apy8Rqr0\" target=\"_blank\"><img loading=\"lazy\" decoding=\"async\" class=\"alignright size-medium wp-image-6059\" style=\"margin-top: 5px; margin-bottom: 5px;\" title=\"ziua eroilor rovinari (2)\" src=\"http:\/\/www.primariarovinari.ro\/wp-content\/uploads\/2013\/06\/ziua-eroilor-rovinari-2-300x200.jpg\" alt=\"\" width=\"300\" height=\"200\" srcset=\"https:\/\/primariarovinari.ro\/old\/wp-content\/uploads\/2013\/06\/ziua-eroilor-rovinari-2-300x200.jpg 300w, https:\/\/primariarovinari.ro\/old\/wp-content\/uploads\/2013\/06\/ziua-eroilor-rovinari-2.jpg 1024w\" sizes=\"auto, (max-width: 300px) 100vw, 300px\" \/><\/a>De Ziua Eroilor, Prim\u0103ria \u015fi Consiliul Local Rovinari au inaugurat Complexul Memorial Aleea Eroilor, monument ridicat \u00een cinstea celor care \u015fi-au jertfit via\u0163a pentru ap\u0103rarea \u0163\u0103rii, \u00een cele dou\u0103 r\u0103zboaie mondiale. \u00cen prezen\u0163a unei asisten\u0163e numeroase, a fost dezvelit bustul Sublocotenentului p.m. Lixandru Constantin Lauren\u0163iu, militar care \u015fi-a pierdut via\u0163a \u00eentr-o misiune militar\u0103 din Afganistan.<\/p>\n<p style=\"text-align: justify;\">Aleea este amplasat\u0103, practic \u00eentre bustul Slt. p.m. Lixandru Constantin Lauren\u0163iu \u015fi Strada cu acela\u015fi nume (Slt. p.m. Lixandru Constantin Lauren\u0163iu), astfel autorit\u0103\u0163ile locale respect\u0103 promisiunea f\u0103cut\u0103 acum doi ani, \u00een fa\u0163a rudelor, colegilor, prietenilor, \u015eefului Statului Major.<\/p>\n<p style=\"text-align: justify;\"><!--more-->La eveniment au participat: pre\u015fedintele consiliului jude\u0163ean Ion C\u0103linoiu \u00eempreun\u0103 cu cei doi vicepre\u015fedin\u0163i: M\u0103d\u0103lina Ciolocoi \u015fi Ciprian Florescu, prefectul Ion Claudiu Teodorescu, parlamentarii Mihai Weber, Niculina Mocioi, R\u0103zvan Rotaru, primarul Dorin Filip \u015fi consilieri locali, rudele, vecinii \u015fi camarazii sublocotenentului, cet\u0103\u0163eni ai Ora\u015fului Rovinari.<\/p>\n<p style=\"text-align: justify;\">Ceremonia a \u00eenceput cu prezentarea onorului, intonarea imnului de stat al Rom\u00e2niei, slujb\u0103 religioas\u0103, urmat\u0103 de alocu\u0163iunile invita\u0163ilor, dezvelirea bustului, depuneri de coroane, defilarea g\u0103rzii de onoare. Manifestarea a avut un impact pozitiv asupra publicului, datorit\u0103 faptului c\u0103 a fost prezent un pluton de militari din cadrul Batalionului 26 Infanterie \u201eNeagoe Basarab\u201d Craiova \u2013 Scorpionii Ro\u015fii.<\/p>\n<p style=\"text-align: justify;\">Intonarea imnului de stat, a imnului eroilor \u015fi a celorlalte c\u00e2ntece patriotice, de c\u0103tre fanfara militar\u0103, i-au sensibilizat pe cei prezen\u0163i, st\u00e2rnind \u00een sufletele acestora un sentiment de patriotism. Unul din momentele cele mai apreciate de public a fost defilarea g\u0103rzii de onoare, din finalul festivit\u0103\u0163ii.<\/p>\n<p style=\"text-align: justify;\"><em>Mul\u0163umim Comandantului U.M. 01047 Craiova \u2013 Colonel Dr. Dan Ionescu, precum \u015fi militarilor din cadrul Batalionului 26 Infanterie \u201eNeagoe Basarab\u201d Craiova, care au f\u0103cut deplasarea la Rovinari.<\/em><\/p>\n<p style=\"text-align: justify;\"><em>ngg_shortcode_0_placeholder<\/em><\/p>\n<p style=\"text-align: justify;\">\n","protected":false},"excerpt":{"rendered":"<p>De Ziua Eroilor, Prim\u0103ria \u015fi Consiliul Local Rovinari au inaugurat Complexul Memorial Aleea Eroilor, monument ridicat \u00een cinstea celor care \u015fi-au jertfit via\u0163a pentru ap\u0103rarea \u0163\u0103rii, \u00een cele dou\u0103 r\u0103zboaie mondiale. \u00cen prezen\u0163a unei asisten\u0163e numeroase, a fost dezvelit bustul Sublocotenentului p.m. Lixandru Constantin Lauren\u0163iu, militar care \u015fi-a pierdut via\u0163a \u00eentr-o misiune militar\u0103 din Afganistan. [&hellip;]<\/p>\n","protected":false},"author":1001008,"featured_media":0,"comment_status":"open","ping_status":"open","sticky":false,"template":"","format":"standard","meta":{"ngg_post_thumbnail":0,"footnotes":""},"categories":[4],"tags":[200],"class_list":["post-6055","post","type-post","status-publish","format-standard","hentry","category-informatii-locale","tag-ziua-eroilor"],"_links":{"self":[{"href":"https:\/\/primariarovinari.ro\/old\/wp-json\/wp\/v2\/posts\/6055","targetHints":{"allow":["GET"]}}],"collection":[{"href":"https:\/\/primariarovinari.ro\/old\/wp-json\/wp\/v2\/posts"}],"about":[{"href":"https:\/\/primariarovinari.ro\/old\/wp-json\/wp\/v2\/types\/post"}],"author":[{"embeddable":true,"href":"https:\/\/primariarovinari.ro\/old\/wp-json\/wp\/v2\/users\/1001008"}],"replies":[{"embeddable":true,"href":"https:\/\/primariarovinari.ro\/old\/wp-json\/wp\/v2\/comments?post=6055"}],"version-history":[{"count":0,"href":"https:\/\/primariarovinari.ro\/old\/wp-json\/wp\/v2\/posts\/6055\/revisions"}],"wp:attachment":[{"href":"https:\/\/primariarovinari.ro\/old\/wp-json\/wp\/v2\/media?parent=6055"}],"wp:term":[{"taxonomy":"category","embeddable":true,"href":"https:\/\/primariarovinari.ro\/old\/wp-json\/wp\/v2\/categories?post=6055"},{"taxonomy":"post_tag","embeddable":true,"href":"https:\/\/primariarovinari.ro\/old\/wp-json\/wp\/v2\/tags?post=6055"}],"curies":[{"name":"wp","href":"https:\/\/api.w.org\/{rel}","templated":true}]}}