{"id":6033,"date":"2013-06-07T11:54:13","date_gmt":"2013-06-07T09:54:13","guid":{"rendered":"http:\/\/www.primariarovinari.ro\/?p=6033"},"modified":"2013-06-07T12:46:40","modified_gmt":"2013-06-07T10:46:40","slug":"zilele-ora%c8%99ului-rovinari-edi%c8%9bia-a-xiii-a","status":"publish","type":"post","link":"https:\/\/primariarovinari.ro\/old\/2013\/06\/zilele-ora%c8%99ului-rovinari-edi%c8%9bia-a-xiii-a\/","title":{"rendered":"Zilele ora\u0219ului Rovinari &#8211; Edi\u021bia a XIII-a"},"content":{"rendered":"<p style=\"text-align: justify;\"><a href=\"http:\/\/www.primariarovinari.ro\/wp-content\/uploads\/2013\/06\/484828_628311610529699_1548437469_n_resize.jpg\"><img loading=\"lazy\" decoding=\"async\" class=\"alignright size-medium wp-image-6034\" style=\"margin-top: 5px; margin-bottom: 5px;\" title=\"484828_628311610529699_1548437469_n_resize\" src=\"http:\/\/www.primariarovinari.ro\/wp-content\/uploads\/2013\/06\/484828_628311610529699_1548437469_n_resize-213x300.jpg\" alt=\"\" width=\"213\" height=\"300\" srcset=\"https:\/\/primariarovinari.ro\/old\/wp-content\/uploads\/2013\/06\/484828_628311610529699_1548437469_n_resize-213x300.jpg 213w, https:\/\/primariarovinari.ro\/old\/wp-content\/uploads\/2013\/06\/484828_628311610529699_1548437469_n_resize.jpg 486w\" sizes=\"auto, (max-width: 213px) 100vw, 213px\" \/><\/a>Consiliul Local \u0219i Prim\u0103ria Rovinari, \u00eempreun\u0103 cu Biblioteca Rovinari \u0219i Casa de Cultur\u0103, organizeaz\u0103 \u00een perioada 10 \u2013 16 iunie manifestarea \u201eZilele ora\u0219ului Rovinari\u201d. Aceasta este cea de-a XIII \u2013 a edi\u021bie.<\/p>\n<p style=\"text-align: justify;\">Programul manifest\u0103rii este urm\u0103torul:<\/p>\n<p style=\"text-align: center;\"><strong>S\u00e2mb\u0103t\u0103 15 iunie 2013<\/strong><\/p>\n<p>Orele 19:30 \u2013 Spectacol folcloric: Clubul elevilor Rovinari<\/p>\n<p>Orele 20:30 \u2013 Spectacol folcloric &#8211; invita\u021bi speciali: Ionu\u021b Tudorescu, Ana Maria C\u00e2rjan, Camelia Argint, Teodora Pan\u0103, Ion Dr\u0103gan, Mihai Priescu.<\/p>\n<p style=\"text-align: center;\"><strong>Duminic\u0103 16 iunie 2013<\/strong><\/p>\n<p style=\"text-align: left;\">Orele 20:00 \u2013 Spectacol folcloric: \u0218coala Popular\u0103 de Art\u0103, sec\u021bia Rovinari<\/p>\n<p>Orele 21:00 \u2013 Spectacol muzical \u2013 Invita\u021bi speciali: Florin Pe\u0219te \u0219i Laura, Tinu Veresezan, Jean de la Craiova.<\/p>\n<p style=\"text-align: center;\"><strong>V\u0103 a\u0219tept\u0103m cu drag s\u0103 lua\u021bi parte la toate aceste manifest\u0103ri!<\/strong><\/p>\n","protected":false},"excerpt":{"rendered":"<p>Consiliul Local \u0219i Prim\u0103ria Rovinari, \u00eempreun\u0103 cu Biblioteca Rovinari \u0219i Casa de Cultur\u0103, organizeaz\u0103 \u00een perioada 10 \u2013 16 iunie manifestarea \u201eZilele ora\u0219ului Rovinari\u201d. Aceasta este cea de-a XIII \u2013 a edi\u021bie. Programul manifest\u0103rii este urm\u0103torul: S\u00e2mb\u0103t\u0103 15 iunie 2013 Orele 19:30 \u2013 Spectacol folcloric: Clubul elevilor Rovinari Orele 20:30 \u2013 Spectacol folcloric &#8211; invita\u021bi [&hellip;]<\/p>\n","protected":false},"author":1001008,"featured_media":0,"comment_status":"open","ping_status":"open","sticky":false,"template":"","format":"standard","meta":{"ngg_post_thumbnail":0,"footnotes":""},"categories":[151],"tags":[32],"class_list":["post-6033","post","type-post","status-publish","format-standard","hentry","category-informatii-publice","tag-zilele-orasului-rovinari"],"_links":{"self":[{"href":"https:\/\/primariarovinari.ro\/old\/wp-json\/wp\/v2\/posts\/6033","targetHints":{"allow":["GET"]}}],"collection":[{"href":"https:\/\/primariarovinari.ro\/old\/wp-json\/wp\/v2\/posts"}],"about":[{"href":"https:\/\/primariarovinari.ro\/old\/wp-json\/wp\/v2\/types\/post"}],"author":[{"embeddable":true,"href":"https:\/\/primariarovinari.ro\/old\/wp-json\/wp\/v2\/users\/1001008"}],"replies":[{"embeddable":true,"href":"https:\/\/primariarovinari.ro\/old\/wp-json\/wp\/v2\/comments?post=6033"}],"version-history":[{"count":0,"href":"https:\/\/primariarovinari.ro\/old\/wp-json\/wp\/v2\/posts\/6033\/revisions"}],"wp:attachment":[{"href":"https:\/\/primariarovinari.ro\/old\/wp-json\/wp\/v2\/media?parent=6033"}],"wp:term":[{"taxonomy":"category","embeddable":true,"href":"https:\/\/primariarovinari.ro\/old\/wp-json\/wp\/v2\/categories?post=6033"},{"taxonomy":"post_tag","embeddable":true,"href":"https:\/\/primariarovinari.ro\/old\/wp-json\/wp\/v2\/tags?post=6033"}],"curies":[{"name":"wp","href":"https:\/\/api.w.org\/{rel}","templated":true}]}}