{"id":601,"date":"2010-01-21T11:24:25","date_gmt":"2010-01-21T09:24:25","guid":{"rendered":"http:\/\/www.primariarovinari.ro\/?p=601"},"modified":"2010-05-03T20:25:03","modified_gmt":"2010-05-03T18:25:03","slug":"concursuri-de-patinaj-organizate-saptamanal","status":"publish","type":"post","link":"https:\/\/primariarovinari.ro\/old\/2010\/01\/concursuri-de-patinaj-organizate-saptamanal\/","title":{"rendered":"Concursuri de patinaj organizate s\u0103pt\u0103m\u00e2nal"},"content":{"rendered":"<p style=\"text-align: justify;\"><a href=\"http:\/\/www.primariarovinari.ro\/wp-content\/uploads\/2010\/03\/patinajgrup.jpg\"><img loading=\"lazy\" decoding=\"async\" class=\"alignright size-full wp-image-602\" title=\"patinajgrup\" src=\"http:\/\/www.primariarovinari.ro\/wp-content\/uploads\/2010\/03\/patinajgrup.jpg\" alt=\"\" width=\"275\" height=\"207\" srcset=\"https:\/\/primariarovinari.ro\/old\/wp-content\/uploads\/2010\/03\/patinajgrup.jpg 320w, https:\/\/primariarovinari.ro\/old\/wp-content\/uploads\/2010\/03\/patinajgrup-300x225.jpg 300w\" sizes=\"auto, (max-width: 275px) 100vw, 275px\" \/><\/a>Prim\u0103ria ora\u015fului Rovinari organizeaz\u0103 s\u0103pt\u0103m\u00e2nal  concursuri de patinaj la finalul c\u0103rora acord\u0103 c\u00e2\u015ftig\u0103torilor premii  const\u00e2nd \u00een diplome \u015fi abonamente la patinoar. S\u0103pt\u0103m\u00e2na trecut\u0103 la  concurul de patinaj s-au \u00eenscris trei clase de a III-a de la \u015ecoala  General\u0103 Num\u0103rul 1 Rovinari. Ace\u015ftia au profitat de vremea frumoas\u0103 \u015fi au venit \u015fi  cu sus\u0163in\u0103tori pentru ai- \u00eencuraja la cele trei probe \u00een care a constat  concursul. De la patinoar nu au lipsit nici de aceast\u0103 dat\u0103 ale\u015fii  locali, dac\u0103 p\u00e2n\u0103 acum concursul era supervizat de primarul<\/p>\n<p style=\"text-align: justify;\"><!--more-->ora\u015fului Dorin Filip, de data aceasta la concurs au fost prezen\u0163i  viceprimarul Chivu Lauren\u0163iu \u015fi Radu Dorina \u2013 consilier local.  Patinoarul de pe Bulevardul Minerilor \u00eenc\u0103 de la inaugurare a fost luat  cu asalt de c\u0103tre copiii dornici de a patina, \u015fi c\u0103rora le place  mi\u015fcarea. \u00cen aceast\u0103 perioad\u0103 rece, patinoarul a reprezentat \u201ebucuria  copiilor\u201d.<\/p>\n","protected":false},"excerpt":{"rendered":"<p>Prim\u0103ria ora\u015fului Rovinari organizeaz\u0103 s\u0103pt\u0103m\u00e2nal concursuri de patinaj la finalul c\u0103rora acord\u0103 c\u00e2\u015ftig\u0103torilor premii const\u00e2nd \u00een diplome \u015fi abonamente la patinoar. S\u0103pt\u0103m\u00e2na trecut\u0103 la concurul de patinaj s-au \u00eenscris trei clase de a III-a de la \u015ecoala General\u0103 Num\u0103rul 1 Rovinari. Ace\u015ftia au profitat de vremea frumoas\u0103 \u015fi au venit \u015fi cu sus\u0163in\u0103tori pentru ai- [&hellip;]<\/p>\n","protected":false},"author":1001008,"featured_media":0,"comment_status":"open","ping_status":"open","sticky":false,"template":"","format":"standard","meta":{"ngg_post_thumbnail":0,"footnotes":""},"categories":[4],"tags":[77,78],"class_list":["post-601","post","type-post","status-publish","format-standard","hentry","category-informatii-locale","tag-concurs","tag-patinaj"],"_links":{"self":[{"href":"https:\/\/primariarovinari.ro\/old\/wp-json\/wp\/v2\/posts\/601","targetHints":{"allow":["GET"]}}],"collection":[{"href":"https:\/\/primariarovinari.ro\/old\/wp-json\/wp\/v2\/posts"}],"about":[{"href":"https:\/\/primariarovinari.ro\/old\/wp-json\/wp\/v2\/types\/post"}],"author":[{"embeddable":true,"href":"https:\/\/primariarovinari.ro\/old\/wp-json\/wp\/v2\/users\/1001008"}],"replies":[{"embeddable":true,"href":"https:\/\/primariarovinari.ro\/old\/wp-json\/wp\/v2\/comments?post=601"}],"version-history":[{"count":0,"href":"https:\/\/primariarovinari.ro\/old\/wp-json\/wp\/v2\/posts\/601\/revisions"}],"wp:attachment":[{"href":"https:\/\/primariarovinari.ro\/old\/wp-json\/wp\/v2\/media?parent=601"}],"wp:term":[{"taxonomy":"category","embeddable":true,"href":"https:\/\/primariarovinari.ro\/old\/wp-json\/wp\/v2\/categories?post=601"},{"taxonomy":"post_tag","embeddable":true,"href":"https:\/\/primariarovinari.ro\/old\/wp-json\/wp\/v2\/tags?post=601"}],"curies":[{"name":"wp","href":"https:\/\/api.w.org\/{rel}","templated":true}]}}