{"id":5879,"date":"2013-04-29T09:14:45","date_gmt":"2013-04-29T07:14:45","guid":{"rendered":"http:\/\/www.primariarovinari.ro\/?p=5879"},"modified":"2013-04-29T09:18:06","modified_gmt":"2013-04-29T07:18:06","slug":"saptamana-globala-de-actiune-pentru-educatie","status":"publish","type":"post","link":"https:\/\/primariarovinari.ro\/old\/2013\/04\/saptamana-globala-de-actiune-pentru-educatie\/","title":{"rendered":"S\u0103pt\u0103m\u00e2na Global\u0103 de Ac\u0163iune pentru Educa\u0163ie"},"content":{"rendered":"<p style=\"text-align: justify;\"><a href=\"http:\/\/youtu.be\/JNqpNNAJXu8\" target=\"_blank\"><img loading=\"lazy\" decoding=\"async\" class=\"alignright size-medium wp-image-5882\" title=\"lectie rovinari (6)\" src=\"http:\/\/www.primariarovinari.ro\/wp-content\/uploads\/2013\/04\/lectie-rovinari-6-300x200.jpg\" alt=\"\" width=\"300\" height=\"200\" srcset=\"https:\/\/primariarovinari.ro\/old\/wp-content\/uploads\/2013\/04\/lectie-rovinari-6-300x200.jpg 300w, https:\/\/primariarovinari.ro\/old\/wp-content\/uploads\/2013\/04\/lectie-rovinari-6.jpg 1024w\" sizes=\"auto, (max-width: 300px) 100vw, 300px\" \/><\/a>\u00cen perioada 22 &#8211; 28 aprilie 2013, la Colegiul &#8222;Gheorghe T\u0103t\u0103rescu&#8221; din Rovinari, s-a desf\u0103\u015furat Campania Global\u0103 pentru Educa\u0163ie, \u00een cadrul c\u0103reia a avut loc activitatea cu sloganul &#8222;Fiecare copil are nevoie de un profesor. Profesori bine preg\u0103ti\u0163i pentru to\u0163i copiii&#8221;.<\/p>\n<p style=\"text-align: justify;\">Activitatea a atras aten\u0163ia asupra faptului c\u0103, pentru a respecta dreptul la educa\u0163ie al tuturor copiilor, este nevoie de mai mul\u0163i profesori califica\u0163i, adev\u0103ra\u0163i profesioni\u015fti care s\u0103 fie sprijini\u0163i \u015fi remunera\u0163i ca atare.<\/p>\n<p style=\"text-align: justify;\">\u015ecoala a considerat important s\u0103 se al\u0103ture eforturilor de a remedia aceast\u0103 situa\u0163ie \u015fi de a transpune \u00een realitate dreptul la educa\u0163ia de care trebuie s\u0103 se bucure fiecare copil.<\/p>\n<p style=\"text-align: justify;\"><!--more-->ngg_shortcode_0_placeholder<\/p>\n","protected":false},"excerpt":{"rendered":"<p>\u00cen perioada 22 &#8211; 28 aprilie 2013, la Colegiul &#8222;Gheorghe T\u0103t\u0103rescu&#8221; din Rovinari, s-a desf\u0103\u015furat Campania Global\u0103 pentru Educa\u0163ie, \u00een cadrul c\u0103reia a avut loc activitatea cu sloganul &#8222;Fiecare copil are nevoie de un profesor. Profesori bine preg\u0103ti\u0163i pentru to\u0163i copiii&#8221;. Activitatea a atras aten\u0163ia asupra faptului c\u0103, pentru a respecta dreptul la educa\u0163ie al [&hellip;]<\/p>\n","protected":false},"author":1001008,"featured_media":0,"comment_status":"open","ping_status":"open","sticky":false,"template":"","format":"standard","meta":{"ngg_post_thumbnail":0,"footnotes":""},"categories":[13],"tags":[489],"class_list":["post-5879","post","type-post","status-publish","format-standard","hentry","category-invatamant","tag-educatie"],"_links":{"self":[{"href":"https:\/\/primariarovinari.ro\/old\/wp-json\/wp\/v2\/posts\/5879","targetHints":{"allow":["GET"]}}],"collection":[{"href":"https:\/\/primariarovinari.ro\/old\/wp-json\/wp\/v2\/posts"}],"about":[{"href":"https:\/\/primariarovinari.ro\/old\/wp-json\/wp\/v2\/types\/post"}],"author":[{"embeddable":true,"href":"https:\/\/primariarovinari.ro\/old\/wp-json\/wp\/v2\/users\/1001008"}],"replies":[{"embeddable":true,"href":"https:\/\/primariarovinari.ro\/old\/wp-json\/wp\/v2\/comments?post=5879"}],"version-history":[{"count":0,"href":"https:\/\/primariarovinari.ro\/old\/wp-json\/wp\/v2\/posts\/5879\/revisions"}],"wp:attachment":[{"href":"https:\/\/primariarovinari.ro\/old\/wp-json\/wp\/v2\/media?parent=5879"}],"wp:term":[{"taxonomy":"category","embeddable":true,"href":"https:\/\/primariarovinari.ro\/old\/wp-json\/wp\/v2\/categories?post=5879"},{"taxonomy":"post_tag","embeddable":true,"href":"https:\/\/primariarovinari.ro\/old\/wp-json\/wp\/v2\/tags?post=5879"}],"curies":[{"name":"wp","href":"https:\/\/api.w.org\/{rel}","templated":true}]}}