{"id":5872,"date":"2013-04-23T09:32:35","date_gmt":"2013-04-23T07:32:35","guid":{"rendered":"http:\/\/www.primariarovinari.ro\/?p=5872"},"modified":"2013-04-23T09:33:21","modified_gmt":"2013-04-23T07:33:21","slug":"zilele-orasului-rovinari-amanate-pentru-10-16-iunie-2013","status":"publish","type":"post","link":"https:\/\/primariarovinari.ro\/old\/2013\/04\/zilele-orasului-rovinari-amanate-pentru-10-16-iunie-2013\/","title":{"rendered":"Zilele Ora\u015fului Rovinari am\u00e2nate pentru 10 &#8211; 16 iunie 2013"},"content":{"rendered":"<p style=\"text-align: justify;\"><a href=\"http:\/\/www.primariarovinari.ro\/wp-content\/uploads\/2010\/05\/HPIM3116.jpg\"><img loading=\"lazy\" decoding=\"async\" class=\"alignright size-medium wp-image-1348\" title=\"Zilele orasului Rovinari\" src=\"http:\/\/www.primariarovinari.ro\/wp-content\/uploads\/2010\/05\/HPIM3116-300x189.jpg\" alt=\"\" width=\"300\" height=\"189\" srcset=\"https:\/\/primariarovinari.ro\/old\/wp-content\/uploads\/2010\/05\/HPIM3116-300x189.jpg 300w, https:\/\/primariarovinari.ro\/old\/wp-content\/uploads\/2010\/05\/HPIM3116.jpg 1023w\" sizes=\"auto, (max-width: 300px) 100vw, 300px\" \/><\/a>Prim\u0103ria Rovinari informeaz\u0103 cet\u0103\u0163enii ora\u015fului, precum \u015fi agen\u0163ii economici care obi\u015fnuiau s\u0103 participe la Zilele Ora\u015fului Rovinari, cu privire la faptul c\u0103 anul acesta zilele ora\u015fului nostru se vor desf\u0103\u015fura \u00een perioada 10 &#8211; 16 iunie 2013.<\/p>\n<p style=\"text-align: justify;\">Aceast\u0103 m\u0103sur\u0103 vine ca urmare a faptului c\u0103 Pa\u015ftele de anul acesta are loc pe data de 5 mai 2013, \u00een s\u0103pt\u0103m\u00e2na premerg\u0103toare zilelor ora\u015fului, a\u015fa cum erau stabilite ini\u0163ial, \u00een Agenda Cultural\u0103.<\/p>\n","protected":false},"excerpt":{"rendered":"<p>Prim\u0103ria Rovinari informeaz\u0103 cet\u0103\u0163enii ora\u015fului, precum \u015fi agen\u0163ii economici care obi\u015fnuiau s\u0103 participe la Zilele Ora\u015fului Rovinari, cu privire la faptul c\u0103 anul acesta zilele ora\u015fului nostru se vor desf\u0103\u015fura \u00een perioada 10 &#8211; 16 iunie 2013. Aceast\u0103 m\u0103sur\u0103 vine ca urmare a faptului c\u0103 Pa\u015ftele de anul acesta are loc pe data de 5 [&hellip;]<\/p>\n","protected":false},"author":1001008,"featured_media":0,"comment_status":"open","ping_status":"open","sticky":false,"template":"","format":"standard","meta":{"ngg_post_thumbnail":0,"footnotes":""},"categories":[3],"tags":[188],"class_list":["post-5872","post","type-post","status-publish","format-standard","hentry","category-comunicate-de-presa","tag-zilele-orasului"],"_links":{"self":[{"href":"https:\/\/primariarovinari.ro\/old\/wp-json\/wp\/v2\/posts\/5872","targetHints":{"allow":["GET"]}}],"collection":[{"href":"https:\/\/primariarovinari.ro\/old\/wp-json\/wp\/v2\/posts"}],"about":[{"href":"https:\/\/primariarovinari.ro\/old\/wp-json\/wp\/v2\/types\/post"}],"author":[{"embeddable":true,"href":"https:\/\/primariarovinari.ro\/old\/wp-json\/wp\/v2\/users\/1001008"}],"replies":[{"embeddable":true,"href":"https:\/\/primariarovinari.ro\/old\/wp-json\/wp\/v2\/comments?post=5872"}],"version-history":[{"count":0,"href":"https:\/\/primariarovinari.ro\/old\/wp-json\/wp\/v2\/posts\/5872\/revisions"}],"wp:attachment":[{"href":"https:\/\/primariarovinari.ro\/old\/wp-json\/wp\/v2\/media?parent=5872"}],"wp:term":[{"taxonomy":"category","embeddable":true,"href":"https:\/\/primariarovinari.ro\/old\/wp-json\/wp\/v2\/categories?post=5872"},{"taxonomy":"post_tag","embeddable":true,"href":"https:\/\/primariarovinari.ro\/old\/wp-json\/wp\/v2\/tags?post=5872"}],"curies":[{"name":"wp","href":"https:\/\/api.w.org\/{rel}","templated":true}]}}