{"id":5850,"date":"2013-04-20T10:34:18","date_gmt":"2013-04-20T08:34:18","guid":{"rendered":"http:\/\/www.primariarovinari.ro\/?p=5850"},"modified":"2013-04-20T19:27:32","modified_gmt":"2013-04-20T17:27:32","slug":"politia-orasului-rovinari-se-poate-lauda-cu-un-sediu-modern","status":"publish","type":"post","link":"https:\/\/primariarovinari.ro\/old\/2013\/04\/politia-orasului-rovinari-se-poate-lauda-cu-un-sediu-modern\/","title":{"rendered":"Poli\u0163ia Ora\u015fului Rovinari se poate l\u0103uda cu un sediu modern"},"content":{"rendered":"<p style=\"text-align: justify;\"><a href=\"http:\/\/www.youtube.com\/watch?v=dJEMjDGqNZ0&amp;feature=share&amp;list=UUBAiSAGpFIkC3IETLUFJ-bA\" target=\"_blank\"><img loading=\"lazy\" decoding=\"async\" class=\"alignright size-medium wp-image-5853\" style=\"margin-top: 3px; margin-bottom: 3px;\" title=\"politia rovinari (19)\" src=\"http:\/\/www.primariarovinari.ro\/wp-content\/uploads\/2013\/04\/politia-rovinari-19-300x200.jpg\" alt=\"\" width=\"300\" height=\"200\" srcset=\"https:\/\/primariarovinari.ro\/old\/wp-content\/uploads\/2013\/04\/politia-rovinari-19-300x200.jpg 300w, https:\/\/primariarovinari.ro\/old\/wp-content\/uploads\/2013\/04\/politia-rovinari-19.jpg 1024w\" sizes=\"auto, (max-width: 300px) 100vw, 300px\" \/><\/a>Ieri, 19.04.2013, Poli\u0163ia Ora\u015fului Rovinari \u015fi-a prezentat sediul recent modernizat. La evenimentul inaugural au participat: Anghel Andreescu &#8211; secretar de stat \u00een M.A.I. \u015fi \u015fef al Departamentului Ordine \u015fi Siguran\u0163\u0103 Public\u0103, Viorel Salvador Caragea &#8211; \u015feful Inspectoratului de Poli\u0163ie Jude\u0163ean Gorj, Robert Iulian V\u00ee\u0163\u0103 &#8211; \u015feful Inspectoratului de Jandarmi Jude\u0163ean Gorj, B\u0103rbulescu Constantin &#8211; \u015feful Poli\u0163iei Ora\u015fului Rovinari, Tic\u0103 Daniel Ionu\u0163 &#8211; \u015feful Sec\u0163iei 5 de Poli\u0163ie Rural\u0103 Rovinari, Dorin Filip &#8211; primarul Ora\u015fului Rovinari, precum \u015fi poli\u0163i\u015fti ai Inspectoratului Jude\u0163ean de Poli\u0163ie Gorj.<\/p>\n<p style=\"text-align: justify;\"><!--more-->Secretarul de stat Anghel Andreescu, dup\u0103 ce a inspectat sediul poli\u0163iei, care l-a impresionat \u00eentr-un mod pl\u0103cut, a discutat cu poli\u0163i\u015ftii celor dou\u0103 sec\u0163ii, despre problemele cu care se confrunt\u0103 \u00een activitatea pe care o desf\u0103\u015foar\u0103. Anghel Andreescu a mai vizitat \u015fi Sec\u0163ia de Jandarmi din Ora\u015ful Rovinari.<\/p>\n<p style=\"text-align: justify;\">De precizat, faptul c\u0103, de foarte cur\u00e2nd, Prim\u0103ria Ora\u015fului Rovinari a reabilitat \u015fi sediul Serviciului Public de Poli\u0163ie Local\u0103 Rovinari.<\/p>\n<p style=\"text-align: justify;\">ngg_shortcode_0_placeholder<\/p>\n","protected":false},"excerpt":{"rendered":"<p>Ieri, 19.04.2013, Poli\u0163ia Ora\u015fului Rovinari \u015fi-a prezentat sediul recent modernizat. La evenimentul inaugural au participat: Anghel Andreescu &#8211; secretar de stat \u00een M.A.I. \u015fi \u015fef al Departamentului Ordine \u015fi Siguran\u0163\u0103 Public\u0103, Viorel Salvador Caragea &#8211; \u015feful Inspectoratului de Poli\u0163ie Jude\u0163ean Gorj, Robert Iulian V\u00ee\u0163\u0103 &#8211; \u015feful Inspectoratului de Jandarmi Jude\u0163ean Gorj, B\u0103rbulescu Constantin &#8211; \u015feful [&hellip;]<\/p>\n","protected":false},"author":1001008,"featured_media":0,"comment_status":"open","ping_status":"open","sticky":false,"template":"","format":"standard","meta":{"ngg_post_thumbnail":0,"footnotes":""},"categories":[4],"tags":[488],"class_list":["post-5850","post","type-post","status-publish","format-standard","hentry","category-informatii-locale","tag-politia-rovinari"],"_links":{"self":[{"href":"https:\/\/primariarovinari.ro\/old\/wp-json\/wp\/v2\/posts\/5850","targetHints":{"allow":["GET"]}}],"collection":[{"href":"https:\/\/primariarovinari.ro\/old\/wp-json\/wp\/v2\/posts"}],"about":[{"href":"https:\/\/primariarovinari.ro\/old\/wp-json\/wp\/v2\/types\/post"}],"author":[{"embeddable":true,"href":"https:\/\/primariarovinari.ro\/old\/wp-json\/wp\/v2\/users\/1001008"}],"replies":[{"embeddable":true,"href":"https:\/\/primariarovinari.ro\/old\/wp-json\/wp\/v2\/comments?post=5850"}],"version-history":[{"count":0,"href":"https:\/\/primariarovinari.ro\/old\/wp-json\/wp\/v2\/posts\/5850\/revisions"}],"wp:attachment":[{"href":"https:\/\/primariarovinari.ro\/old\/wp-json\/wp\/v2\/media?parent=5850"}],"wp:term":[{"taxonomy":"category","embeddable":true,"href":"https:\/\/primariarovinari.ro\/old\/wp-json\/wp\/v2\/categories?post=5850"},{"taxonomy":"post_tag","embeddable":true,"href":"https:\/\/primariarovinari.ro\/old\/wp-json\/wp\/v2\/tags?post=5850"}],"curies":[{"name":"wp","href":"https:\/\/api.w.org\/{rel}","templated":true}]}}