{"id":5742,"date":"2013-03-14T14:33:20","date_gmt":"2013-03-14T12:33:20","guid":{"rendered":"http:\/\/www.primariarovinari.ro\/?p=5742"},"modified":"2013-03-18T10:56:50","modified_gmt":"2013-03-18T08:56:50","slug":"a-fost-inaugurat-tomograful-de-la-spitalul-sfantul-%c8%99tefan-rovinari","status":"publish","type":"post","link":"https:\/\/primariarovinari.ro\/old\/2013\/03\/a-fost-inaugurat-tomograful-de-la-spitalul-sfantul-%c8%99tefan-rovinari\/","title":{"rendered":"A fost inaugurat tomograful de la Spitalul &#8222;Sf\u00e2ntul \u0218tefan Rovinari&#8221;"},"content":{"rendered":"<p style=\"text-align: justify;\"><a href=\"http:\/\/www.youtube.com\/watch?v=2MTpDc48ZFQ&amp;feature=share&amp;list=UUBAiSAGpFIkC3IETLUFJ-bA\" target=\"_blank\"><img loading=\"lazy\" decoding=\"async\" class=\"alignright size-medium wp-image-5743\" style=\"margin-top: 3px; margin-bottom: 3px;\" title=\"482649_589274064433454_326848400_n_resize\" src=\"http:\/\/www.primariarovinari.ro\/wp-content\/uploads\/2013\/03\/482649_589274064433454_326848400_n_resize-300x200.jpg\" alt=\"\" width=\"300\" height=\"200\" srcset=\"https:\/\/primariarovinari.ro\/old\/wp-content\/uploads\/2013\/03\/482649_589274064433454_326848400_n_resize-300x200.jpg 300w, https:\/\/primariarovinari.ro\/old\/wp-content\/uploads\/2013\/03\/482649_589274064433454_326848400_n_resize.jpg 1024w\" sizes=\"auto, (max-width: 300px) 100vw, 300px\" \/><\/a>Ast\u0103zi, 14 Martie 2013, \u00een cadrul Spitalului Or\u0103\u0219enesc \u2019\u201dSf\u00e2ntul \u0218tefan Rovinari\u201d a avut loc un eveniment foarte important \u0219i anume inaugurarea unui computer tomograf.<\/p>\n<p style=\"text-align: justify;\">\u00cen jude\u021b mai exist\u0103 trei astfel de aparate, \u00eens\u0103 acesta este cel mai puternic tomograf, \u00eentruc\u00e2t sus\u021bine o greutate de 130 kg, ceea ce \u00eenseamn\u0103 c\u0103 pacien\u021bii obezi care erau nevoi\u021bi \u00een trecut s\u0103 se duc\u0103 la Bucure\u0219ti pentru a-\u0219i putea face analizele nu mai sunt nevoi\u021bi s\u0103 fac\u0103 acest lucru. A\u0219adar, se acoper\u0103 ca zon\u0103 ora\u0219ul Rovinari, precum \u0219i tot sudul Gorjului, iar \u00een ceea ce prive\u0219te pacien\u021bii obezi se acoper\u0103 \u00eentregul jude\u021b.<\/p>\n<p style=\"text-align: justify;\"><!--more-->De asemenea, ceea ce este foarte important este faptul c\u0103 s-au creat patru locuri de munc\u0103.<\/p>\n<p style=\"text-align: justify;\">Acest tomograf a fost ob\u021binut \u00een urma unui parteneriat public \u2013 privat dintre Spitalului Or\u0103\u0219enesc \u2019\u201dSf\u00e2ntul \u0218tefan Rovinari\u201d \u0219i o firm\u0103 din Rom\u00e2nia. Se mai poate spune despre el c\u0103 limiteaz\u0103 reac\u021biile adverse, iar imaginea este foarte clar\u0103, ceea ce duce la acurate\u021bea diagnosticului.<\/p>\n<p style=\"text-align: justify;\">La eveniment au participat primarul ora\u0219ului Rovinari, Filip Dorin, prefectul jude\u021bului Gorj, Ion &#8211; Claudiu Teodorescu, vicepre\u0219edintele Consiliului Jude\u021bean Gorj, Ciprian Florescu, medici de renume ai spitalului, precum \u0219i autorit\u0103\u021bi locale, jude\u021bene \u0219i reprezentan\u021bi ai Casei de S\u0103n\u0103tate.<\/p>\n<p style=\"text-align: justify;\">Una dintre preocup\u0103rile permanente ale primarului ora\u0219ului Rovinari a fost s\u0103n\u0103tatea cet\u0103\u021benilor. \u00cen acest sens, acesta \u0219i-a \u00eendreptat aten\u021bia spre permanenta modernizare \u0219i reabilitare a spitalului, \u00een scopul aducerii de beneficii pentru pacien\u021bi, cre\u0219terii standardului calit\u0103\u021bii serviciilor medicale \u00een conformitate cu aspira\u021biile comunitare, precum \u0219i pe aducerea de personal bine preg\u0103tit \u00een domeniu, care s\u0103 beneficieze de confort \u0219i condi\u021bii igienico-sanitare optime pentru realizarea actului medical.<\/p>\n<p style=\"text-align: justify;\">ngg_shortcode_0_placeholder<\/p>\n","protected":false},"excerpt":{"rendered":"<p>Ast\u0103zi, 14 Martie 2013, \u00een cadrul Spitalului Or\u0103\u0219enesc \u2019\u201dSf\u00e2ntul \u0218tefan Rovinari\u201d a avut loc un eveniment foarte important \u0219i anume inaugurarea unui computer tomograf. \u00cen jude\u021b mai exist\u0103 trei astfel de aparate, \u00eens\u0103 acesta este cel mai puternic tomograf, \u00eentruc\u00e2t sus\u021bine o greutate de 130 kg, ceea ce \u00eenseamn\u0103 c\u0103 pacien\u021bii obezi care erau nevoi\u021bi [&hellip;]<\/p>\n","protected":false},"author":1001008,"featured_media":0,"comment_status":"open","ping_status":"open","sticky":false,"template":"","format":"standard","meta":{"ngg_post_thumbnail":0,"footnotes":""},"categories":[4],"tags":[482],"class_list":["post-5742","post","type-post","status-publish","format-standard","hentry","category-informatii-locale","tag-inaugurare-tomograf"],"_links":{"self":[{"href":"https:\/\/primariarovinari.ro\/old\/wp-json\/wp\/v2\/posts\/5742","targetHints":{"allow":["GET"]}}],"collection":[{"href":"https:\/\/primariarovinari.ro\/old\/wp-json\/wp\/v2\/posts"}],"about":[{"href":"https:\/\/primariarovinari.ro\/old\/wp-json\/wp\/v2\/types\/post"}],"author":[{"embeddable":true,"href":"https:\/\/primariarovinari.ro\/old\/wp-json\/wp\/v2\/users\/1001008"}],"replies":[{"embeddable":true,"href":"https:\/\/primariarovinari.ro\/old\/wp-json\/wp\/v2\/comments?post=5742"}],"version-history":[{"count":0,"href":"https:\/\/primariarovinari.ro\/old\/wp-json\/wp\/v2\/posts\/5742\/revisions"}],"wp:attachment":[{"href":"https:\/\/primariarovinari.ro\/old\/wp-json\/wp\/v2\/media?parent=5742"}],"wp:term":[{"taxonomy":"category","embeddable":true,"href":"https:\/\/primariarovinari.ro\/old\/wp-json\/wp\/v2\/categories?post=5742"},{"taxonomy":"post_tag","embeddable":true,"href":"https:\/\/primariarovinari.ro\/old\/wp-json\/wp\/v2\/tags?post=5742"}],"curies":[{"name":"wp","href":"https:\/\/api.w.org\/{rel}","templated":true}]}}