{"id":5728,"date":"2013-03-11T13:19:03","date_gmt":"2013-03-11T11:19:03","guid":{"rendered":"http:\/\/www.primariarovinari.ro\/?p=5728"},"modified":"2013-03-11T13:19:29","modified_gmt":"2013-03-11T11:19:29","slug":"la-rovinari-8-martie-ramane-o-zi-inchinata-femeilor","status":"publish","type":"post","link":"https:\/\/primariarovinari.ro\/old\/2013\/03\/la-rovinari-8-martie-ramane-o-zi-inchinata-femeilor\/","title":{"rendered":"La Rovinari, 8 martie r\u0103m\u00e2ne o zi \u00eenchinat\u0103 femeilor"},"content":{"rendered":"<p style=\"text-align: justify;\"><a href=\"http:\/\/www.youtube.com\/watch?v=o8Jmns8ZT98&amp;feature=share&amp;list=UUBAiSAGpFIkC3IETLUFJ-bA\" target=\"_blank\"><img loading=\"lazy\" decoding=\"async\" class=\"alignright size-medium wp-image-5731\" style=\"margin-top: 5px; margin-bottom: 5px;\" title=\"spectacol_rovinari (6)\" src=\"http:\/\/www.primariarovinari.ro\/wp-content\/uploads\/2013\/03\/spectacol_rovinari-6-300x200.jpg\" alt=\"\" width=\"300\" height=\"200\" srcset=\"https:\/\/primariarovinari.ro\/old\/wp-content\/uploads\/2013\/03\/spectacol_rovinari-6-300x200.jpg 300w, https:\/\/primariarovinari.ro\/old\/wp-content\/uploads\/2013\/03\/spectacol_rovinari-6.jpg 1024w\" sizes=\"auto, (max-width: 300px) 100vw, 300px\" \/><\/a>Primarul Ora\u015fului Rovinari, Dorin Filip, \u015fi-a f\u0103cut un obicei din a oferi flori doamnelor \u015fi domni\u015foarelor \u00een fiecare \u00eenceput de prim\u0103var\u0103. Dac\u0103 p\u00e2n\u0103 anul trecut acesta oferea flori rovin\u0103rencelor \u00een prima zi a lunii martie, anul acesta a preferat s\u0103 ofere flori doamnelor \u015fi domni\u015foarelor pe 8 martie.<\/p>\n<p style=\"text-align: justify;\">Tot cu ocazia Zilei Interna\u0163ionale a Femeii, Prim\u0103ria \u015fi Consiliul Local Rovinari al\u0103turi de Casa de Cultur\u0103 \u015fi Biblioteca Rovinari au organizat la Casa de Cultur\u0103 a Sindicatelor spectacolul intitulat: \u201eO floare, un z\u00e2mbet un c\u00e2ntec \u2026\u201d, printre arti\u015fti num\u0103r\u00e2ndu-se: Claudia Iona\u015f, Olgu\u0163a Berbec, Dumitru Vasilescu, Cristi Dules, Clubul Copiilor Rovinari \u015fi \u015ecoala Popular\u0103 de Art\u0103 \u2013 Sec\u0163ia Rovinari.<\/p>\n<p style=\"text-align: justify;\"><!--more-->Publicul a r\u0103spuns afirmativ la spectacolul oferit la ini\u0163iativa primarului Dorin Filip, sala de spectacole a Casei de Cultur\u0103 fiind arhiplin\u0103.<\/p>\nngg_shortcode_0_placeholder\n","protected":false},"excerpt":{"rendered":"<p>Primarul Ora\u015fului Rovinari, Dorin Filip, \u015fi-a f\u0103cut un obicei din a oferi flori doamnelor \u015fi domni\u015foarelor \u00een fiecare \u00eenceput de prim\u0103var\u0103. Dac\u0103 p\u00e2n\u0103 anul trecut acesta oferea flori rovin\u0103rencelor \u00een prima zi a lunii martie, anul acesta a preferat s\u0103 ofere flori doamnelor \u015fi domni\u015foarelor pe 8 martie. Tot cu ocazia Zilei Interna\u0163ionale a Femeii, [&hellip;]<\/p>\n","protected":false},"author":1001008,"featured_media":0,"comment_status":"open","ping_status":"open","sticky":false,"template":"","format":"standard","meta":{"ngg_post_thumbnail":0,"footnotes":""},"categories":[4],"tags":[309,132],"class_list":["post-5728","post","type-post","status-publish","format-standard","hentry","category-informatii-locale","tag-8-martie","tag-spectacol"],"_links":{"self":[{"href":"https:\/\/primariarovinari.ro\/old\/wp-json\/wp\/v2\/posts\/5728","targetHints":{"allow":["GET"]}}],"collection":[{"href":"https:\/\/primariarovinari.ro\/old\/wp-json\/wp\/v2\/posts"}],"about":[{"href":"https:\/\/primariarovinari.ro\/old\/wp-json\/wp\/v2\/types\/post"}],"author":[{"embeddable":true,"href":"https:\/\/primariarovinari.ro\/old\/wp-json\/wp\/v2\/users\/1001008"}],"replies":[{"embeddable":true,"href":"https:\/\/primariarovinari.ro\/old\/wp-json\/wp\/v2\/comments?post=5728"}],"version-history":[{"count":0,"href":"https:\/\/primariarovinari.ro\/old\/wp-json\/wp\/v2\/posts\/5728\/revisions"}],"wp:attachment":[{"href":"https:\/\/primariarovinari.ro\/old\/wp-json\/wp\/v2\/media?parent=5728"}],"wp:term":[{"taxonomy":"category","embeddable":true,"href":"https:\/\/primariarovinari.ro\/old\/wp-json\/wp\/v2\/categories?post=5728"},{"taxonomy":"post_tag","embeddable":true,"href":"https:\/\/primariarovinari.ro\/old\/wp-json\/wp\/v2\/tags?post=5728"}],"curies":[{"name":"wp","href":"https:\/\/api.w.org\/{rel}","templated":true}]}}