{"id":5713,"date":"2013-03-04T10:09:02","date_gmt":"2013-03-04T08:09:02","guid":{"rendered":"http:\/\/www.primariarovinari.ro\/?p=5713"},"modified":"2013-03-04T10:19:27","modified_gmt":"2013-03-04T08:19:27","slug":"conferinta-de-lansare-a-proiectului-tineri-pentru-viitor","status":"publish","type":"post","link":"https:\/\/primariarovinari.ro\/old\/2013\/03\/conferinta-de-lansare-a-proiectului-tineri-pentru-viitor\/","title":{"rendered":"Conferin\u0163a de lansare a proiectului &#8222;Tineri pentru Viitor&#8221;"},"content":{"rendered":"<p style=\"text-align: justify;\"><a href=\"http:\/\/www.youtube.com\/watch?v=CfK3NRTrs6I&amp;feature=share&amp;list=UUBAiSAGpFIkC3IETLUFJ-bA\" target=\"_blank\"><img loading=\"lazy\" decoding=\"async\" class=\"alignright size-full wp-image-5526\" style=\"margin-top: 5px; margin-bottom: 5px;\" title=\"tineret in actiune\" src=\"http:\/\/www.primariarovinari.ro\/wp-content\/uploads\/2013\/01\/tineret-in-actiune.jpg\" alt=\"\" width=\"201\" height=\"120\" \/><\/a>Grupul de Ini\u0163iativ\u0103 Local\u0103 Rovinari va implementa \u00een perioada 01 ianuarie 2013 \u2013 30 iunie 2013, proiectul \u201eTineri pentru Viitor!\u201d, finan\u0163at de c\u0103tre Comisia European\u0103, prin programul \u201eTineret \u00een Ac\u0163iune\u201d, ac\u0163iunea \u201eTineri pentru Europa\u201d, sub-ac\u0163iunea 1.2. \u201eIni\u0163iative ale Tinerilor\u201d, \u00een cadrul Apelului lansat de c\u0103tre ANPCDEFP, la 1 octombrie 2012.\u00a0Grupul de ini\u0163iativ\u0103 local\u0103 Rovinari, \u00een calitate de promotor al proiectului mai sus-men\u0163ionat, va fi sprijinit, \u00een derularea activit\u0103\u0163ilor, de c\u0103tre cei doi parteneri ai s\u0103i, Prim\u0103ria Ora\u0219ului Rovinari \u0219i \u0218coala cu clasele I-VIII Nr. 1 Rovinari.<\/p>\n<p style=\"text-align: justify;\"><!--more-->Scopul proiectului propus \u00eel constituie abilitarea a 10 tineri, pentru a desf\u0103\u0219ura activit\u0103\u0163i de con\u0219tientizare, \u00een r\u00e2ndul adolescen\u0163ilor \u0219i al tinerilor cu oportunit\u0103\u0163i reduse, privind importan\u0163a metodelor de dezvoltare personal\u0103 \u0219i social\u0103, \u00een combaterea delincven\u0163ei juvenile.\u00a0Obiectivele pe care proiectul inten\u0163ioneaz\u0103 s\u0103 le ating\u0103 sunt reprezentate de:<br \/>\n<strong>1.<\/strong> Dezvoltarea, la 10 tineri, a abilit\u0103\u0163ilor de a realiza activit\u0103\u0163i educative nonformale, \u00een scopul prevenirii delincven\u0163ei juvenile, \u00een r\u00e2ndul adolescen\u0163ilor \u0219i al tinerilor cu oportunit\u0103\u0163i reduse.<br \/>\n<strong>2.<\/strong> Organizarea \u0219i desf\u0103\u0219urarea atelierelor de prevenire a delincven\u0163ei juvenile, acestea implic\u00e2nd ca beneficiari direc\u0163i (pe l\u00e2ng\u0103 cei 10 participan\u0163i din grupul de ini\u0163iativ\u0103), al\u0163i 15 adolescen\u0163i, din cadrul \u0218colii cu clasele I-VIII Nr. 1 Rovinari, afla\u0163i \u00een situa\u0163ii de risc social (rezultate \u0219colare slabe, dificult\u0103\u0163i de rela\u0163ionare \u0219i adaptare, tendin\u0163e\/ comportamente de risc).<br \/>\n<strong>3.<\/strong> Crearea unei asocia\u0163ii, care s\u0103 aib\u0103 drept scop, continuarea activit\u0103\u0163ilor de sus\u0163inere a tinerilor \u0219i a membrilor comunit\u0103\u0163ii, marginaliza\u0163i sau afla\u0163i \u00een situa\u0163ii de risc social.<\/p>\n<p style=\"text-align: justify;\"><a href=\"http:\/\/www.youtube.com\/watch?v=CfK3NRTrs6I&amp;feature=share&amp;list=UUBAiSAGpFIkC3IETLUFJ-bA\" target=\"_blank\"><img loading=\"lazy\" decoding=\"async\" class=\"alignleft size-medium wp-image-5533\" title=\"programul tineret in actiune\" src=\"http:\/\/www.primariarovinari.ro\/wp-content\/uploads\/2013\/01\/programul-tineret-in-actiune-300x97.jpg\" alt=\"\" width=\"300\" height=\"97\" srcset=\"https:\/\/primariarovinari.ro\/old\/wp-content\/uploads\/2013\/01\/programul-tineret-in-actiune-300x97.jpg 300w, https:\/\/primariarovinari.ro\/old\/wp-content\/uploads\/2013\/01\/programul-tineret-in-actiune.jpg 473w\" sizes=\"auto, (max-width: 300px) 100vw, 300px\" \/><\/a>Vineri, 1 Martie, a avut loc, la sediul Prim\u0103riei Ora\u0219ului Rovinari, conferin\u0163a de lansare a proiectului \u201eTineri pentru Viitor!\u201d.<br \/>\nLa eveniment au participat membrii grupului de ini\u0163iativ\u0103, reprezentan\u0163i ai partenerilor (angaja\u0163i \u00a0ai prim\u0103riei, consilieri locali, elevi din grupul-\u0163int\u0103 desemnat \u00een cadrul activit\u0103\u0163ii de organizare a atelierelor de prevenire a delincven\u0163ei juvenile), invita\u0163i din comunitatea local\u0103.\u00a0\u00cent\u00e2lnirea a fost deschis\u0103 de c\u0103tre Alina Vasilescu, coordonatorul proiectului, care a mul\u0163umit partenerilor pentru sprijinul acordat \u00eenc\u0103 de la apari\u0163ia ideii acestuia. Aceasta a prezentat organismul finan\u0163ator, programul Tineret \u00een Ac\u0163iune, obiectivele \u015fi direc\u0163iile de ac\u0163iune ale acestuia, activit\u0103\u0163ile prev\u0103zute pentru implementare, precum \u015fi stadiul atingerii obiectivelor propuse.<\/p>\n<p style=\"text-align: justify;\">Conferin\u0163a a fost continuat\u0103 cu interven\u0163ia lui Ilie V\u00eelceanu, membru al Grupului de Ini\u0163iativ\u0103 Local\u0103, care a prezentat factorii implica\u0163i \u00een determinarea comportamentului deviant al minorilor, formele de manifestare ale unui posibil elev delincvent, cauzele specifice care contribuie la apari\u0163ia fenomenului delincvent, obiective ce trebuie urm\u0103rite la nivelul institu\u0163iilor \u0219colare, consecin\u0163ele delincven\u0163ei, precum \u0219i un studiu de caz, ce va fi lucrat cu elevii din grupul-\u0163int\u0103, \u00een cadrul atelierelor de prevenire a delincven\u0163ei juvenile.<\/p>\n<p style=\"text-align: justify;\">Raluca Murdaru, membr\u0103 a Grupului de Ini\u0163iativ\u0103 Local\u0103 Rovinari, a explicat conceptul de \u201edelincven\u0163\u0103 juvenil\u0103\u201d, din perspectiva r\u0103spunderii penale a minorului, care sunt mecanismele devenirii infrac\u0163ionale, evolu\u0163ia fenomenului delincven\u0163ei juvenile, \u00een ultimii ani \u00een Rom\u00e2nia, tipologia delincven\u0163ei juvenile \u0219i sursele motiva\u0163ionale, utilizate de c\u0103tre tineri, \u00een justificarea actelor infrac\u0163ionale comise.<\/p>\n<p style=\"text-align: justify;\">Conferin\u0163a a cotinuat cu dezbateri libere, privind demersurile ce trebuie ini\u0163iate \u00een viitor, pentru reducerea fenomenului \u00een discu\u0163ie, printre tinerii din \u0219colile din Rom\u00e2nia. S-a pus accentul pe necesitatea colabor\u0103rii dintre cadrele didactice, psihologii din \u0219coli, institu\u0163iile publice abilitate \u00een domeniu \u0219i mediul familial.\u00a0Cei prezen\u0163i au felicitat ini\u0163iativa grupului de tineri, subliniind importan\u0163a implement\u0103rii unor astfel de proiecte, care s\u0103 conduc\u0103 la \u00eembun\u0103t\u0103\u0163irea calit\u0103\u0163ii vie\u0163ii \u00eentregii comunit\u0103\u0163i locale.<\/p>\n<p style=\"text-align: justify;\">ngg_shortcode_0_placeholder<\/p>\n<p style=\"text-align: justify;\">\n<p style=\"text-align: justify;\">\n","protected":false},"excerpt":{"rendered":"<p>Grupul de Ini\u0163iativ\u0103 Local\u0103 Rovinari va implementa \u00een perioada 01 ianuarie 2013 \u2013 30 iunie 2013, proiectul \u201eTineri pentru Viitor!\u201d, finan\u0163at de c\u0103tre Comisia European\u0103, prin programul \u201eTineret \u00een Ac\u0163iune\u201d, ac\u0163iunea \u201eTineri pentru Europa\u201d, sub-ac\u0163iunea 1.2. \u201eIni\u0163iative ale Tinerilor\u201d, \u00een cadrul Apelului lansat de c\u0103tre ANPCDEFP, la 1 octombrie 2012.\u00a0Grupul de ini\u0163iativ\u0103 local\u0103 Rovinari, \u00een [&hellip;]<\/p>\n","protected":false},"author":1001008,"featured_media":0,"comment_status":"open","ping_status":"open","sticky":false,"template":"","format":"standard","meta":{"ngg_post_thumbnail":0,"footnotes":""},"categories":[8],"tags":[472],"class_list":["post-5713","post","type-post","status-publish","format-standard","hentry","category-proiecte","tag-tineret-in-actiune"],"_links":{"self":[{"href":"https:\/\/primariarovinari.ro\/old\/wp-json\/wp\/v2\/posts\/5713","targetHints":{"allow":["GET"]}}],"collection":[{"href":"https:\/\/primariarovinari.ro\/old\/wp-json\/wp\/v2\/posts"}],"about":[{"href":"https:\/\/primariarovinari.ro\/old\/wp-json\/wp\/v2\/types\/post"}],"author":[{"embeddable":true,"href":"https:\/\/primariarovinari.ro\/old\/wp-json\/wp\/v2\/users\/1001008"}],"replies":[{"embeddable":true,"href":"https:\/\/primariarovinari.ro\/old\/wp-json\/wp\/v2\/comments?post=5713"}],"version-history":[{"count":0,"href":"https:\/\/primariarovinari.ro\/old\/wp-json\/wp\/v2\/posts\/5713\/revisions"}],"wp:attachment":[{"href":"https:\/\/primariarovinari.ro\/old\/wp-json\/wp\/v2\/media?parent=5713"}],"wp:term":[{"taxonomy":"category","embeddable":true,"href":"https:\/\/primariarovinari.ro\/old\/wp-json\/wp\/v2\/categories?post=5713"},{"taxonomy":"post_tag","embeddable":true,"href":"https:\/\/primariarovinari.ro\/old\/wp-json\/wp\/v2\/tags?post=5713"}],"curies":[{"name":"wp","href":"https:\/\/api.w.org\/{rel}","templated":true}]}}