{"id":5648,"date":"2013-02-22T10:14:54","date_gmt":"2013-02-22T08:14:54","guid":{"rendered":"http:\/\/www.primariarovinari.ro\/?p=5648"},"modified":"2013-02-22T10:14:54","modified_gmt":"2013-02-22T08:14:54","slug":"apia-desfa%c8%99oara-%c8%99edin%c8%9ba-de-informare-a-rovinarenilor","status":"publish","type":"post","link":"https:\/\/primariarovinari.ro\/old\/2013\/02\/apia-desfa%c8%99oara-%c8%99edin%c8%9ba-de-informare-a-rovinarenilor\/","title":{"rendered":"APIA desf\u0103\u0219oar\u0103 \u0219edin\u021b\u0103 de informare a rovin\u0103renilor"},"content":{"rendered":"<p style=\"text-align: justify;\"><a href=\"http:\/\/www.primariarovinari.ro\/wp-content\/uploads\/2013\/02\/images.jpg\"><img loading=\"lazy\" decoding=\"async\" class=\"alignright size-full wp-image-5653\" style=\"margin-top: 5px; margin-bottom: 5px;\" title=\"images\" src=\"http:\/\/www.primariarovinari.ro\/wp-content\/uploads\/2013\/02\/images.jpg\" alt=\"\" width=\"244\" height=\"207\" \/><\/a>Mar\u021bi, 26\/02\/2013 &#8211; ora 12:00, reprezentan\u021bi ai Agen\u021biei de Pl\u0103\u021bi \u0219i Interven\u021bie pentru Agricultur\u0103 vor desf\u0103\u0219ura la sediul prim\u0103riei ora\u0219ului Rovinari o \u0219edin\u021b\u0103 de informare a cet\u0103\u021benilor privind depunerea cererilor de sprijin financiar pentru agricultur\u0103 anul 2013.<\/p>\n<p style=\"text-align: justify;\">\u00cen acest sens, to\u021bi cei care doresc s\u0103 ia parte la aceast\u0103 \u0219edin\u021b\u0103 sunt invita\u021bi s\u0103 se prezinte la data specificat\u0103 mai sus la sediul prim\u0103riei.<\/p>\n","protected":false},"excerpt":{"rendered":"<p>Mar\u021bi, 26\/02\/2013 &#8211; ora 12:00, reprezentan\u021bi ai Agen\u021biei de Pl\u0103\u021bi \u0219i Interven\u021bie pentru Agricultur\u0103 vor desf\u0103\u0219ura la sediul prim\u0103riei ora\u0219ului Rovinari o \u0219edin\u021b\u0103 de informare a cet\u0103\u021benilor privind depunerea cererilor de sprijin financiar pentru agricultur\u0103 anul 2013. \u00cen acest sens, to\u021bi cei care doresc s\u0103 ia parte la aceast\u0103 \u0219edin\u021b\u0103 sunt invita\u021bi s\u0103 se prezinte [&hellip;]<\/p>\n","protected":false},"author":1001008,"featured_media":0,"comment_status":"open","ping_status":"open","sticky":false,"template":"","format":"standard","meta":{"ngg_post_thumbnail":0,"footnotes":""},"categories":[9],"tags":[478],"class_list":["post-5648","post","type-post","status-publish","format-standard","hentry","category-anunturi","tag-informarea-cetateni-apia"],"_links":{"self":[{"href":"https:\/\/primariarovinari.ro\/old\/wp-json\/wp\/v2\/posts\/5648","targetHints":{"allow":["GET"]}}],"collection":[{"href":"https:\/\/primariarovinari.ro\/old\/wp-json\/wp\/v2\/posts"}],"about":[{"href":"https:\/\/primariarovinari.ro\/old\/wp-json\/wp\/v2\/types\/post"}],"author":[{"embeddable":true,"href":"https:\/\/primariarovinari.ro\/old\/wp-json\/wp\/v2\/users\/1001008"}],"replies":[{"embeddable":true,"href":"https:\/\/primariarovinari.ro\/old\/wp-json\/wp\/v2\/comments?post=5648"}],"version-history":[{"count":0,"href":"https:\/\/primariarovinari.ro\/old\/wp-json\/wp\/v2\/posts\/5648\/revisions"}],"wp:attachment":[{"href":"https:\/\/primariarovinari.ro\/old\/wp-json\/wp\/v2\/media?parent=5648"}],"wp:term":[{"taxonomy":"category","embeddable":true,"href":"https:\/\/primariarovinari.ro\/old\/wp-json\/wp\/v2\/categories?post=5648"},{"taxonomy":"post_tag","embeddable":true,"href":"https:\/\/primariarovinari.ro\/old\/wp-json\/wp\/v2\/tags?post=5648"}],"curies":[{"name":"wp","href":"https:\/\/api.w.org\/{rel}","templated":true}]}}