{"id":5525,"date":"2013-01-24T11:38:37","date_gmt":"2013-01-24T09:38:37","guid":{"rendered":"http:\/\/www.primariarovinari.ro\/?p=5525"},"modified":"2013-01-30T09:53:26","modified_gmt":"2013-01-30T07:53:26","slug":"tineret-in-actiune-tineri-pentru-europa-tineri-pentru-viitor","status":"publish","type":"post","link":"https:\/\/primariarovinari.ro\/old\/2013\/01\/tineret-in-actiune-tineri-pentru-europa-tineri-pentru-viitor\/","title":{"rendered":"&#8222;Tineret \u00een ac\u0163iune, tineri pentru Europa&#8221; &#8211; tineri pentru viitor!"},"content":{"rendered":"<p style=\"text-align: justify;\"><a href=\"http:\/\/www.primariarovinari.ro\/wp-content\/uploads\/2013\/01\/tineret-in-actiune.jpg\"><img loading=\"lazy\" decoding=\"async\" class=\"alignright size-full wp-image-5526\" style=\"margin-top: 1px; margin-bottom: 1px;\" title=\"tineret in actiune\" src=\"http:\/\/www.primariarovinari.ro\/wp-content\/uploads\/2013\/01\/tineret-in-actiune.jpg\" alt=\"\" width=\"201\" height=\"120\" \/><\/a>Grupul de ini\u0163iativ\u0103 local\u0103 Rovinari va implementa \u00een perioada 01 ianuarie 2013 \u2013 30 iunie 2013, proiectul \u201eTineri pentru viitor!\u201d, finan\u0163at de c\u0103tre Comisia European\u0103, prin programul \u201eTineret \u00een ac\u0163iune\u201d, ac\u0163iunea \u201eTineri pentru Europa\u201d, sub-ac\u0163iunea 1.2. \u201eIni\u0163iative ale tinerilor\u201d, \u00een cadrul Apelului lansat de c\u0103tre ANPCDEFP, la 1 octombrie 2012. Valoarea asisten\u0163ei nerambursabile acordate se ridic\u0103 la 3744,50 Euro.<\/p>\n<p style=\"text-align: justify;\">Grupul de ini\u0163iativ\u0103 local\u0103 Rovinari, \u00een calitate de promotor al proiectului mai sus-men\u0163ionat, va fi sprijinit, \u00een derularea activit\u0103\u0163ilor, de c\u0103tre cei doi parteneri ai s\u0103i, Prim\u0103ria ora\u0219ului Rovinari \u0219i \u0218coala cu clasele I-VIII Nr 1 Rovinari.<\/p>\n<p style=\"text-align: justify;\"><!--more-->Scopul proiectului propus \u00eel constituie abilitarea a 10 tineri, pentru a desf\u0103\u0219ura activit\u0103\u0163i de con\u0219tientizare, \u00een r\u00e2ndul adolescen\u0163ilor \u0219i al tinerilor cu oportunit\u0103\u0163i reduse, privind importan\u0163a metodelor de dezvoltare personal\u0103 \u0219i social\u0103, \u00een combaterea delincven\u0163ei juvenile.<\/p>\n<p style=\"text-align: justify;\">Obiectivele pe care proiectul inten\u0163ioneaz\u0103 s\u0103 le ating\u0103 sunt reprezentate de:<br \/>\n<strong>1.<\/strong> Dezvoltarea, la 10 tineri, a abilit\u0103\u0163ilor de a realiza activit\u0103\u0163i educative nonformale, \u00een scopul prevenirii delincven\u0163ei juvenile, \u00een r\u00e2ndul adolescen\u0163ilor \u0219i al tinerilor cu oportunit\u0103\u0163i reduse.<br \/>\n<strong>2.<\/strong> Organizarea \u0219i desf\u0103\u0219urarea atelierelor de prevenire a delincven\u0163ei juvenile, acestea implic\u00e2nd ca beneficiari direc\u0163i (pe l\u00e2ng\u0103 cei 10 participan\u0163i din grupul de ini\u0163iativ\u0103), al\u0163i 15 adolescen\u0163i, din cadrul \u0218colii cu clasele I-VIII Nr 1 Rovinari, afla\u0163i \u00een situa\u0163ii de risc social (rezultate \u0219colare slabe, dificult\u0103\u0163i de rela\u0163ionare \u0219i adaptare, tendin\u0163e\/ comportamente de risc).<br \/>\n<strong>3.<\/strong> Crearea unei asocia\u0163ii, care s\u0103 aib\u0103 drept scop, continuarea activit\u0103\u0163ilor de sus\u0163inere a tinerilor \u0219i a membrilor comunit\u0103\u0163ii, marginaliza\u0163i sau afla\u0163i \u00een situa\u0163ii de risc social.<\/p>\n<p style=\"text-align: justify;\"><a href=\"http:\/\/www.primariarovinari.ro\/wp-content\/uploads\/2013\/01\/programul-tineret-in-actiune.jpg\"><img loading=\"lazy\" decoding=\"async\" class=\"alignleft size-medium wp-image-5533\" style=\"margin-top: 3px; margin-bottom: 3px;\" title=\"programul tineret in actiune\" src=\"http:\/\/www.primariarovinari.ro\/wp-content\/uploads\/2013\/01\/programul-tineret-in-actiune-300x97.jpg\" alt=\"\" width=\"300\" height=\"97\" srcset=\"https:\/\/primariarovinari.ro\/old\/wp-content\/uploads\/2013\/01\/programul-tineret-in-actiune-300x97.jpg 300w, https:\/\/primariarovinari.ro\/old\/wp-content\/uploads\/2013\/01\/programul-tineret-in-actiune.jpg 473w\" sizes=\"auto, (max-width: 300px) 100vw, 300px\" \/><\/a>Activit\u0103\u0163ile proiectului \u201eTineri pentru viitor!\u201d vor viza, pe l\u00e2ng\u0103 ac\u0163iunile de organizare \u015fi coordonare propriu-zise, organizarea unor ateliere de prevenire a delincven\u0163ei juvenile, const\u00e2nd \u00een sesiuni de autocunoa\u0219tere \u0219i intercunoa\u0219tere, dezvoltare a abilit\u0103\u0163ilor de identificare a riscului, definire a consecin\u0163elor delincven\u0163ei juvenile, activit\u0103\u0163i culturale, activit\u0103\u0163i de protejare a mediului \u00eenconjur\u0103tor.\u00a0Proiectul propus nu vizeaz\u0103 doar informarea asupra riscurilor la care se supun tinerii cu comportament predelincvent, ci propune alternative la acest tip de comportament (metode de ocupare a timpului, de petrecere a timpului liber), prin ateliere succesive, dezvoltate pe baza metodelor educa\u0163iei non-formale \u0219i informale.<\/p>\n<p style=\"text-align: justify;\">Informa\u0163ii suplimentare despre implementarea activit\u0103\u0163ilor proiectului, pute\u0163i obtine, adres\u00e2nd \u00eentreb\u0103ri, pe adresele de e-mail: alyna.vasilescu@yahoo.com\/ ralum86@yahoo.com sau sun\u00e2nd la nr de tel: 0722249286.<\/p>\n<p style=\"text-align: justify;\"><em>Proiect finan\u0163at de Comisia European\u0103 prin Programul Tineret \u00een ac\u0163iune. Aceast\u0103 publica\u0163ie reflect\u0103 doar opiniile autorului, Comisia nu poate fi f\u0103cut\u0103 responsabil\u0103 pentru utilizarea informa\u0163iei pe care o con\u0163ine.<\/em><\/p>\n","protected":false},"excerpt":{"rendered":"<p>Grupul de ini\u0163iativ\u0103 local\u0103 Rovinari va implementa \u00een perioada 01 ianuarie 2013 \u2013 30 iunie 2013, proiectul \u201eTineri pentru viitor!\u201d, finan\u0163at de c\u0103tre Comisia European\u0103, prin programul \u201eTineret \u00een ac\u0163iune\u201d, ac\u0163iunea \u201eTineri pentru Europa\u201d, sub-ac\u0163iunea 1.2. \u201eIni\u0163iative ale tinerilor\u201d, \u00een cadrul Apelului lansat de c\u0103tre ANPCDEFP, la 1 octombrie 2012. Valoarea asisten\u0163ei nerambursabile acordate se [&hellip;]<\/p>\n","protected":false},"author":1001008,"featured_media":0,"comment_status":"open","ping_status":"open","sticky":false,"template":"","format":"standard","meta":{"ngg_post_thumbnail":0,"footnotes":""},"categories":[8],"tags":[472],"class_list":["post-5525","post","type-post","status-publish","format-standard","hentry","category-proiecte","tag-tineret-in-actiune"],"_links":{"self":[{"href":"https:\/\/primariarovinari.ro\/old\/wp-json\/wp\/v2\/posts\/5525","targetHints":{"allow":["GET"]}}],"collection":[{"href":"https:\/\/primariarovinari.ro\/old\/wp-json\/wp\/v2\/posts"}],"about":[{"href":"https:\/\/primariarovinari.ro\/old\/wp-json\/wp\/v2\/types\/post"}],"author":[{"embeddable":true,"href":"https:\/\/primariarovinari.ro\/old\/wp-json\/wp\/v2\/users\/1001008"}],"replies":[{"embeddable":true,"href":"https:\/\/primariarovinari.ro\/old\/wp-json\/wp\/v2\/comments?post=5525"}],"version-history":[{"count":0,"href":"https:\/\/primariarovinari.ro\/old\/wp-json\/wp\/v2\/posts\/5525\/revisions"}],"wp:attachment":[{"href":"https:\/\/primariarovinari.ro\/old\/wp-json\/wp\/v2\/media?parent=5525"}],"wp:term":[{"taxonomy":"category","embeddable":true,"href":"https:\/\/primariarovinari.ro\/old\/wp-json\/wp\/v2\/categories?post=5525"},{"taxonomy":"post_tag","embeddable":true,"href":"https:\/\/primariarovinari.ro\/old\/wp-json\/wp\/v2\/tags?post=5525"}],"curies":[{"name":"wp","href":"https:\/\/api.w.org\/{rel}","templated":true}]}}