{"id":546,"date":"2010-01-04T15:49:04","date_gmt":"2010-01-04T13:49:04","guid":{"rendered":"http:\/\/www.primariarovinari.ro\/?p=546"},"modified":"2010-03-22T18:17:47","modified_gmt":"2010-03-22T16:17:47","slug":"foc-de-artificii-organizat-de-primarie-in-noaptea-de-revelion","status":"publish","type":"post","link":"https:\/\/primariarovinari.ro\/old\/2010\/01\/foc-de-artificii-organizat-de-primarie-in-noaptea-de-revelion\/","title":{"rendered":"Foc de artificii organizat de prim\u0103rie \u00een noaptea de Revelion"},"content":{"rendered":"<p><object classid=\"clsid:d27cdb6e-ae6d-11cf-96b8-444553540000\" width=\"275\" height=\"221\" codebase=\"http:\/\/download.macromedia.com\/pub\/shockwave\/cabs\/flash\/swflash.cab#version=6,0,40,0\"><param name=\"src\" value=\"http:\/\/www.youtube.com\/v\/JZraI1OKHp0&amp;hl=en_US&amp;fs=1&amp;\" \/><param name=\"align\" value=\"left\" \/><param name=\"vspace\" value=\"10\" \/><param name=\"hspace\" value=\"10\" \/><embed type=\"application\/x-shockwave-flash\" width=\"275\" height=\"221\" src=\"http:\/\/www.youtube.com\/v\/JZraI1OKHp0&amp;hl=en_US&amp;fs=1&amp;\" hspace=\"10\" vspace=\"10\" align=\"left\"><\/embed><\/object><\/p>\n<p style=\"text-align: justify;\">Prim\u0103ria ora\u015fului Rovinari a organizat ca \u00een fiecare an \u00een noaptea de Revelion un grandios foc de artificii pe Bulevardul Minerilor \u015fi a \u00eemp\u0103r\u0163it cet\u0103\u0163enilor veni\u0163i pe bulevard pentru a \u00eent\u00e2mpina noul an, \u015fampanie, bere \u015fi suc. Focul de artificii a fost unul reu\u015fit, fiind superior celor din anii trecu\u0163i \u015fi a durat peste 10 minute.<br \/>\nPrimarul Dorin Filip a monitorizat \u00eendeaproape iluminatul s\u0103rb\u0103torilor de iarn\u0103 precum \u015fi modul cum s-a organizat \u015fi desf\u0103\u015furat spectacolul de artificii, pentru ca cet\u0103\u0163enii s\u0103 fie mul\u0163umi\u0163i \u015fi s\u0103 se bucure de s\u0103rb\u0103torile de iarn\u0103. \u00cen timp ce al\u0163i primari s\u0103rb\u0103toresc anul nou \u00een locuri \u00eensorite, departe de Rom\u00e2nia, primarul ora\u015fului Rovinari a preferat ca \u015fi anul acesta s\u0103 \u00eel reg\u0103seasc\u0103 \u00een mijlocul cet\u0103\u0163enilor care l-au ales.<\/p>\n<p style=\"text-align: justify;\"><!--more--><a href=\"http:\/\/www.primariarovinari.ro\/wp-content\/uploads\/2010\/03\/31dec20091.jpg\"><img loading=\"lazy\" decoding=\"async\" class=\"aligncenter size-full wp-image-547\" title=\"31dec2009\" src=\"http:\/\/www.primariarovinari.ro\/wp-content\/uploads\/2010\/03\/31dec20091.jpg\" alt=\"\" width=\"500\" height=\"376\" srcset=\"https:\/\/primariarovinari.ro\/old\/wp-content\/uploads\/2010\/03\/31dec20091.jpg 800w, https:\/\/primariarovinari.ro\/old\/wp-content\/uploads\/2010\/03\/31dec20091-300x225.jpg 300w\" sizes=\"auto, (max-width: 500px) 100vw, 500px\" \/><\/a><\/p>\n","protected":false},"excerpt":{"rendered":"<p>Prim\u0103ria ora\u015fului Rovinari a organizat ca \u00een fiecare an \u00een noaptea de Revelion un grandios foc de artificii pe Bulevardul Minerilor \u015fi a \u00eemp\u0103r\u0163it cet\u0103\u0163enilor veni\u0163i pe bulevard pentru a \u00eent\u00e2mpina noul an, \u015fampanie, bere \u015fi suc. Focul de artificii a fost unul reu\u015fit, fiind superior celor din anii trecu\u0163i \u015fi a durat peste 10 [&hellip;]<\/p>\n","protected":false},"author":1001008,"featured_media":0,"comment_status":"open","ping_status":"open","sticky":false,"template":"","format":"standard","meta":{"ngg_post_thumbnail":0,"footnotes":""},"categories":[4],"tags":[100,101,99],"class_list":["post-546","post","type-post","status-publish","format-standard","hentry","category-informatii-locale","tag-1-ianuarie","tag-bulevard","tag-revelion"],"_links":{"self":[{"href":"https:\/\/primariarovinari.ro\/old\/wp-json\/wp\/v2\/posts\/546","targetHints":{"allow":["GET"]}}],"collection":[{"href":"https:\/\/primariarovinari.ro\/old\/wp-json\/wp\/v2\/posts"}],"about":[{"href":"https:\/\/primariarovinari.ro\/old\/wp-json\/wp\/v2\/types\/post"}],"author":[{"embeddable":true,"href":"https:\/\/primariarovinari.ro\/old\/wp-json\/wp\/v2\/users\/1001008"}],"replies":[{"embeddable":true,"href":"https:\/\/primariarovinari.ro\/old\/wp-json\/wp\/v2\/comments?post=546"}],"version-history":[{"count":0,"href":"https:\/\/primariarovinari.ro\/old\/wp-json\/wp\/v2\/posts\/546\/revisions"}],"wp:attachment":[{"href":"https:\/\/primariarovinari.ro\/old\/wp-json\/wp\/v2\/media?parent=546"}],"wp:term":[{"taxonomy":"category","embeddable":true,"href":"https:\/\/primariarovinari.ro\/old\/wp-json\/wp\/v2\/categories?post=546"},{"taxonomy":"post_tag","embeddable":true,"href":"https:\/\/primariarovinari.ro\/old\/wp-json\/wp\/v2\/tags?post=546"}],"curies":[{"name":"wp","href":"https:\/\/api.w.org\/{rel}","templated":true}]}}