{"id":5439,"date":"2012-12-12T07:48:34","date_gmt":"2012-12-12T05:48:34","guid":{"rendered":"http:\/\/www.primariarovinari.ro\/?p=5439"},"modified":"2012-12-20T08:45:41","modified_gmt":"2012-12-20T06:45:41","slug":"5439","status":"publish","type":"post","link":"https:\/\/primariarovinari.ro\/old\/2012\/12\/5439\/","title":{"rendered":"Ac\u0163iune caritabil\u0103 a elevilor \u015fi profesorilor liceului din Rovinari"},"content":{"rendered":"<p style=\"text-align: justify;\"><a href=\"http:\/\/www.primariarovinari.ro\/wp-content\/uploads\/2012\/12\/rovinari-1.jpg\"><img loading=\"lazy\" decoding=\"async\" class=\"alignright size-medium wp-image-5448\" style=\"margin-top: 3px; margin-bottom: 3px;\" title=\"rovinari (1)\" src=\"http:\/\/www.primariarovinari.ro\/wp-content\/uploads\/2012\/12\/rovinari-1-300x200.jpg\" alt=\"\" width=\"300\" height=\"200\" srcset=\"https:\/\/primariarovinari.ro\/old\/wp-content\/uploads\/2012\/12\/rovinari-1-300x200.jpg 300w, https:\/\/primariarovinari.ro\/old\/wp-content\/uploads\/2012\/12\/rovinari-1.jpg 1024w\" sizes=\"auto, (max-width: 300px) 100vw, 300px\" \/><\/a>Deja exist\u0103 o tradi\u0163ie, \u00eenc\u0103 din anul 2007 la Colegiul \u201eGheorghe T\u0103t\u0103rescu\u201d Rovinari ca luna decembrie s\u0103 aduc\u0103 bucurii \u00een sufletele copiilor de la Centrul \u015ecolar de Educa\u0163ie Incluziv\u0103 Tg-Jiu. Activit\u0103\u0163ile din cadrul proiectului s-au bucurat \u015fi de sus\u0163inerea Prim\u0103riei Rovinari prin participarea consilierului local Chiru Adina, laborant \u00een cadrul Colegiului \u201eGheorghe T\u0103t\u0103rescu\u201d Rovinari.<\/p>\n<p style=\"text-align: justify;\">Mar\u0163i 11 decembrie 2012, \u00een cadrul Strategiei Na\u0163ionale de Ac\u0163iune Comunitar\u0103 (SNAC), a fost organizat\u0103 o activitate educativ\u0103 de c\u0103tre elevii voluntari \u015fi profesorii din cadrul Colegiului \u201eGheorghe T\u0103t\u0103rescu\u201d Rovinari, activitate dedicat\u0103 copiilor cu cerin\u0163e educative speciale de la Centrul \u015ecolar de Educa\u0163ie Incluziv\u0103 Tg-Jiu. Activitatea desf\u0103\u015furat\u0103 cu ocazia s\u0103rb\u0103torilor de iarn\u0103 a constat \u00een prezentarea unui program artistic dedicat copiilor \u015fi oferirea de cadouri.<\/p>\n<p style=\"text-align: justify;\"><!--more-->Acest program a fost sus\u0163inut de grupul de voluntari ai Colegiului &#8216;\u201dGheorghe T\u0103t\u0103rescu\u201d Rovinari de la clasele a IX-a A, B, C, D, a X-a E, a XI-a A, E preg\u0103ti\u0163i de profesorii: Gridan Maria, F\u00e2r\u0163\u0103 Dumitru, \u0162\u00e2rc\u0103 Mihaela, Badea L\u0103cr\u0103mioara, Popescu Mirabela, Vatu Roxana, Vi\u015fan Camelia \u015fi Ro\u015fca Valeria.<\/p>\n<p style=\"text-align: justify;\">ngg_shortcode_0_placeholder<\/p>\n","protected":false},"excerpt":{"rendered":"<p>Deja exist\u0103 o tradi\u0163ie, \u00eenc\u0103 din anul 2007 la Colegiul \u201eGheorghe T\u0103t\u0103rescu\u201d Rovinari ca luna decembrie s\u0103 aduc\u0103 bucurii \u00een sufletele copiilor de la Centrul \u015ecolar de Educa\u0163ie Incluziv\u0103 Tg-Jiu. Activit\u0103\u0163ile din cadrul proiectului s-au bucurat \u015fi de sus\u0163inerea Prim\u0103riei Rovinari prin participarea consilierului local Chiru Adina, laborant \u00een cadrul Colegiului \u201eGheorghe T\u0103t\u0103rescu\u201d Rovinari. Mar\u0163i [&hellip;]<\/p>\n","protected":false},"author":1001008,"featured_media":0,"comment_status":"open","ping_status":"open","sticky":false,"template":"","format":"standard","meta":{"ngg_post_thumbnail":0,"footnotes":""},"categories":[13],"tags":[],"class_list":["post-5439","post","type-post","status-publish","format-standard","hentry","category-invatamant"],"_links":{"self":[{"href":"https:\/\/primariarovinari.ro\/old\/wp-json\/wp\/v2\/posts\/5439","targetHints":{"allow":["GET"]}}],"collection":[{"href":"https:\/\/primariarovinari.ro\/old\/wp-json\/wp\/v2\/posts"}],"about":[{"href":"https:\/\/primariarovinari.ro\/old\/wp-json\/wp\/v2\/types\/post"}],"author":[{"embeddable":true,"href":"https:\/\/primariarovinari.ro\/old\/wp-json\/wp\/v2\/users\/1001008"}],"replies":[{"embeddable":true,"href":"https:\/\/primariarovinari.ro\/old\/wp-json\/wp\/v2\/comments?post=5439"}],"version-history":[{"count":0,"href":"https:\/\/primariarovinari.ro\/old\/wp-json\/wp\/v2\/posts\/5439\/revisions"}],"wp:attachment":[{"href":"https:\/\/primariarovinari.ro\/old\/wp-json\/wp\/v2\/media?parent=5439"}],"wp:term":[{"taxonomy":"category","embeddable":true,"href":"https:\/\/primariarovinari.ro\/old\/wp-json\/wp\/v2\/categories?post=5439"},{"taxonomy":"post_tag","embeddable":true,"href":"https:\/\/primariarovinari.ro\/old\/wp-json\/wp\/v2\/tags?post=5439"}],"curies":[{"name":"wp","href":"https:\/\/api.w.org\/{rel}","templated":true}]}}