{"id":5421,"date":"2012-12-11T09:03:17","date_gmt":"2012-12-11T07:03:17","guid":{"rendered":"http:\/\/www.primariarovinari.ro\/?p=5421"},"modified":"2012-12-11T09:03:43","modified_gmt":"2012-12-11T07:03:43","slug":"targ-de-iarna-la-%c8%99coala-gimnaziala-nr-1-rovinari","status":"publish","type":"post","link":"https:\/\/primariarovinari.ro\/old\/2012\/12\/targ-de-iarna-la-%c8%99coala-gimnaziala-nr-1-rovinari\/","title":{"rendered":"T\u00e2rg de Iarn\u0103 la \u0218coala Gimnazial\u0103 Nr. 1 Rovinari"},"content":{"rendered":"<p style=\"text-align: justify;\"><a href=\"http:\/\/www.primariarovinari.ro\/wp-content\/uploads\/2012\/12\/targ-de-iarna-11.jpg\"><img loading=\"lazy\" decoding=\"async\" class=\"alignright size-medium wp-image-5422\" style=\"margin-top: 5px; margin-bottom: 5px;\" title=\"targ de iarna (11)\" src=\"http:\/\/www.primariarovinari.ro\/wp-content\/uploads\/2012\/12\/targ-de-iarna-11-300x200.jpg\" alt=\"\" width=\"300\" height=\"200\" srcset=\"https:\/\/primariarovinari.ro\/old\/wp-content\/uploads\/2012\/12\/targ-de-iarna-11-300x200.jpg 300w, https:\/\/primariarovinari.ro\/old\/wp-content\/uploads\/2012\/12\/targ-de-iarna-11.jpg 1024w\" sizes=\"auto, (max-width: 300px) 100vw, 300px\" \/><\/a>T\u00e2rgul de iarn\u0103 aflat la a \u0219aptea edi\u021bie a devenit o tradi\u021bie la \u0218coala Gimnazial\u0103 Nr. 1 Rovinari \u0219i este organizat de cadrele didactice de la \u00eenv\u0103\u021b\u0103m\u00e2ntul primar pentru a veni \u00een sprijinul copiilor din aceast\u0103 \u00a0\u0219coal\u0103 care au nevoie de noi . Ca \u00een fiecare an, elevii claselor primare au lucrat cu mult drag \u0219i sim\u021b de r\u0103spundere obiecte deosebite pe care le-au expus la acest eveniment.<\/p>\n<p style=\"text-align: justify;\">Curtea \u0219colii \u00a0a fost ne\u00eenc\u0103p\u0103toare \u00een data de 4 decembrie 2012, pentru \u00a0expozi\u021bia \u00a0cu obiecte din materiale reciclabile, c\u00e2t \u00a0\u0219i pentru mul\u021bimea vizitatorilor. Finalitatea t\u00e2rgului a fost pe 6 decembrie, de Mo\u0219 Nicolae, c\u00e2nd un num\u0103r de 28 de elevi \u00a0din \u0219coala noastr\u0103, orfani \u0219i cu alte probleme sociale, au primit daruri frumoase const\u00e2nd \u00een haine, dulciuri \u0219i juc\u0103rii. Mul\u021bumim copiilor, p\u0103rin\u021bilor, cadrelor didactice \u0219i comunit\u0103\u021bii locale care au fost al\u0103turi de noi !<\/p>\n<p style=\"text-align: justify;\"><!--more-->ngg_shortcode_0_placeholder<\/p>\n","protected":false},"excerpt":{"rendered":"<p>T\u00e2rgul de iarn\u0103 aflat la a \u0219aptea edi\u021bie a devenit o tradi\u021bie la \u0218coala Gimnazial\u0103 Nr. 1 Rovinari \u0219i este organizat de cadrele didactice de la \u00eenv\u0103\u021b\u0103m\u00e2ntul primar pentru a veni \u00een sprijinul copiilor din aceast\u0103 \u00a0\u0219coal\u0103 care au nevoie de noi . Ca \u00een fiecare an, elevii claselor primare au lucrat cu mult drag [&hellip;]<\/p>\n","protected":false},"author":1001008,"featured_media":0,"comment_status":"open","ping_status":"open","sticky":false,"template":"","format":"standard","meta":{"ngg_post_thumbnail":0,"footnotes":""},"categories":[13],"tags":[389],"class_list":["post-5421","post","type-post","status-publish","format-standard","hentry","category-invatamant","tag-targ-de-iarna"],"_links":{"self":[{"href":"https:\/\/primariarovinari.ro\/old\/wp-json\/wp\/v2\/posts\/5421","targetHints":{"allow":["GET"]}}],"collection":[{"href":"https:\/\/primariarovinari.ro\/old\/wp-json\/wp\/v2\/posts"}],"about":[{"href":"https:\/\/primariarovinari.ro\/old\/wp-json\/wp\/v2\/types\/post"}],"author":[{"embeddable":true,"href":"https:\/\/primariarovinari.ro\/old\/wp-json\/wp\/v2\/users\/1001008"}],"replies":[{"embeddable":true,"href":"https:\/\/primariarovinari.ro\/old\/wp-json\/wp\/v2\/comments?post=5421"}],"version-history":[{"count":0,"href":"https:\/\/primariarovinari.ro\/old\/wp-json\/wp\/v2\/posts\/5421\/revisions"}],"wp:attachment":[{"href":"https:\/\/primariarovinari.ro\/old\/wp-json\/wp\/v2\/media?parent=5421"}],"wp:term":[{"taxonomy":"category","embeddable":true,"href":"https:\/\/primariarovinari.ro\/old\/wp-json\/wp\/v2\/categories?post=5421"},{"taxonomy":"post_tag","embeddable":true,"href":"https:\/\/primariarovinari.ro\/old\/wp-json\/wp\/v2\/tags?post=5421"}],"curies":[{"name":"wp","href":"https:\/\/api.w.org\/{rel}","templated":true}]}}