{"id":5388,"date":"2012-12-03T13:08:06","date_gmt":"2012-12-03T11:08:06","guid":{"rendered":"http:\/\/www.primariarovinari.ro\/?p=5388"},"modified":"2012-12-03T13:12:11","modified_gmt":"2012-12-03T11:12:11","slug":"ziua-nationala-a-romaniei-deschide-sezonul-sarbatorilor-de-iarna","status":"publish","type":"post","link":"https:\/\/primariarovinari.ro\/old\/2012\/12\/ziua-nationala-a-romaniei-deschide-sezonul-sarbatorilor-de-iarna\/","title":{"rendered":"Ziua Na\u0163ional\u0103 a Rom\u00e2niei deschide sezonul s\u0103rb\u0103torilor de iarn\u0103"},"content":{"rendered":"<p style=\"text-align: justify;\"><a href=\"http:\/\/www.youtube.com\/watch?v=jNqhWhfM5q4&amp;feature=share&amp;list=UUBAiSAGpFIkC3IETLUFJ-bA\" target=\"_blank\"><img loading=\"lazy\" decoding=\"async\" class=\"alignright size-medium wp-image-5394\" style=\"margin-top: 5px; margin-bottom: 5px;\" title=\"1 decembrie rovinari (1)\" src=\"http:\/\/www.primariarovinari.ro\/wp-content\/uploads\/2012\/12\/1-decembrie-rovinari-1-300x200.jpg\" alt=\"\" width=\"300\" height=\"200\" srcset=\"https:\/\/primariarovinari.ro\/old\/wp-content\/uploads\/2012\/12\/1-decembrie-rovinari-1-300x200.jpg 300w, https:\/\/primariarovinari.ro\/old\/wp-content\/uploads\/2012\/12\/1-decembrie-rovinari-1.jpg 1024w\" sizes=\"auto, (max-width: 300px) 100vw, 300px\" \/><\/a>Prim\u0103ria \u015fi Consiliul Local Rovinari \u015fi-au f\u0103cut un obicei din a s\u0103rb\u0103tori ziua na\u0163ional\u0103 pe Bulevardul Minerilor din centrul ora\u015fului, al\u0103turi de cet\u0103\u0163enii din localitate.<\/p>\n<p style=\"text-align: justify;\">Cei 94 de ani de la unirea \u00eenf\u0103ptuit\u0103 la Alba Iulia, au fost marca\u0163i cu o slujb\u0103 religioas\u0103, depuneri de coroane, discursuri oficialit\u0103\u0163i, muzic\u0103 popular\u0103 \u015fi c\u00e2ntece patriotice, care au trezit un sentiment de na\u0163ionalism \u00een to\u0163i cei prezen\u0163i la eveniment.<\/p>\n<p style=\"text-align: justify;\">\u00cen plus, organizatorii au oferit celor prezen\u0163i zece mii de sarmale, cinci sute por\u0163ii de fasole cu ciolan, vin fiert \u015fi \u0163uic\u0103 fiart\u0103.\u00a0Tot pe \u00eent\u00e2i decembrie a fost pornit \u015fi iluminatul festiv, motiv pentru care aproximativ o sut\u0103 de copii au fost prezen\u0163i pe platoul casei de cultur\u0103 pentru a vedea bradul din centrul Ora\u015fului Rovinari \u015fi pentru a asculta colinde.<\/p>\n<p style=\"text-align: justify;\"><!--more-->ngg_shortcode_0_placeholder<\/p>\n","protected":false},"excerpt":{"rendered":"<p>Prim\u0103ria \u015fi Consiliul Local Rovinari \u015fi-au f\u0103cut un obicei din a s\u0103rb\u0103tori ziua na\u0163ional\u0103 pe Bulevardul Minerilor din centrul ora\u015fului, al\u0103turi de cet\u0103\u0163enii din localitate. Cei 94 de ani de la unirea \u00eenf\u0103ptuit\u0103 la Alba Iulia, au fost marca\u0163i cu o slujb\u0103 religioas\u0103, depuneri de coroane, discursuri oficialit\u0103\u0163i, muzic\u0103 popular\u0103 \u015fi c\u00e2ntece patriotice, care au [&hellip;]<\/p>\n","protected":false},"author":1001008,"featured_media":0,"comment_status":"open","ping_status":"open","sticky":false,"template":"","format":"standard","meta":{"ngg_post_thumbnail":0,"footnotes":""},"categories":[4],"tags":[466,80],"class_list":["post-5388","post","type-post","status-publish","format-standard","hentry","category-informatii-locale","tag-iluminat-festiv","tag-ziua-nationala"],"_links":{"self":[{"href":"https:\/\/primariarovinari.ro\/old\/wp-json\/wp\/v2\/posts\/5388","targetHints":{"allow":["GET"]}}],"collection":[{"href":"https:\/\/primariarovinari.ro\/old\/wp-json\/wp\/v2\/posts"}],"about":[{"href":"https:\/\/primariarovinari.ro\/old\/wp-json\/wp\/v2\/types\/post"}],"author":[{"embeddable":true,"href":"https:\/\/primariarovinari.ro\/old\/wp-json\/wp\/v2\/users\/1001008"}],"replies":[{"embeddable":true,"href":"https:\/\/primariarovinari.ro\/old\/wp-json\/wp\/v2\/comments?post=5388"}],"version-history":[{"count":0,"href":"https:\/\/primariarovinari.ro\/old\/wp-json\/wp\/v2\/posts\/5388\/revisions"}],"wp:attachment":[{"href":"https:\/\/primariarovinari.ro\/old\/wp-json\/wp\/v2\/media?parent=5388"}],"wp:term":[{"taxonomy":"category","embeddable":true,"href":"https:\/\/primariarovinari.ro\/old\/wp-json\/wp\/v2\/categories?post=5388"},{"taxonomy":"post_tag","embeddable":true,"href":"https:\/\/primariarovinari.ro\/old\/wp-json\/wp\/v2\/tags?post=5388"}],"curies":[{"name":"wp","href":"https:\/\/api.w.org\/{rel}","templated":true}]}}