{"id":5334,"date":"2012-11-26T12:33:51","date_gmt":"2012-11-26T10:33:51","guid":{"rendered":"http:\/\/www.primariarovinari.ro\/?p=5334"},"modified":"2012-11-26T12:37:38","modified_gmt":"2012-11-26T10:37:38","slug":"urmare%c8%99te-maria-mirabela-cismaru-mar%c8%9bi-la-vocea-romaniei","status":"publish","type":"post","link":"https:\/\/primariarovinari.ro\/old\/2012\/11\/urmare%c8%99te-maria-mirabela-cismaru-mar%c8%9bi-la-vocea-romaniei\/","title":{"rendered":"Sus\u021bine\u021bi Maria Mirabela Cismaru, mar\u021bi, la Vocea Rom\u00e2niei"},"content":{"rendered":"<p style=\"text-align: justify;\"><a href=\"http:\/\/www.primariarovinari.ro\/wp-content\/uploads\/2012\/11\/23933_555814244444860_1730655055_n.jpg\"><img loading=\"lazy\" decoding=\"async\" class=\"alignright size-medium wp-image-5335\" style=\"margin-top: 5px; margin-bottom: 5px;\" title=\"23933_555814244444860_1730655055_n\" src=\"http:\/\/www.primariarovinari.ro\/wp-content\/uploads\/2012\/11\/23933_555814244444860_1730655055_n-300x300.jpg\" alt=\"\" width=\"240\" height=\"240\" srcset=\"https:\/\/primariarovinari.ro\/old\/wp-content\/uploads\/2012\/11\/23933_555814244444860_1730655055_n-300x300.jpg 300w, https:\/\/primariarovinari.ro\/old\/wp-content\/uploads\/2012\/11\/23933_555814244444860_1730655055_n-150x150.jpg 150w, https:\/\/primariarovinari.ro\/old\/wp-content\/uploads\/2012\/11\/23933_555814244444860_1730655055_n.jpg 598w\" sizes=\"auto, (max-width: 240px) 100vw, 240px\" \/><\/a>Maria Mirabela Cismaru, o t\u00e2n\u0103r\u0103 de doar 17 ani din ora\u0219ul Rovinari a reu\u0219it s\u0103-i impresioneze cu talentul \u0219i vocea sa deosebit\u0103 at\u00e2t pe membri juriului, c\u00e2t \u0219i miile de telespectatori care au urm\u0103rit-o s\u0103pt\u0103m\u00e2nal.<\/p>\n<p style=\"text-align: justify;\">S\u0103 fim m\u00e2ndri \u0219i s\u0103 o sus\u021binem pe aceast\u0103 superb\u0103 t\u00e2n\u0103r\u0103, \u00eentruc\u00e2t are nevoie de noi \u0219i trebuie s\u0103 \u00eei fim al\u0103turi.<\/p>\n<p style=\"text-align: justify;\">Mai mult, aceasta a \u021binut s\u0103 transmit\u0103\u00a0tuturor un mesaj:<\/p>\n<p style=\"text-align: justify;\">\u201cNe vedem mar\u021bea viitoare la etapa LIVE !!! Sper s\u0103 v\u0103 plac\u0103 piesa pe care o s-o interpretez \u0219i s\u0103 m\u0103 sus\u021bine\u021bi ca \u0219i p\u00e2n\u0103 acum!<\/p>\n<div id=\"_mcePaste\" style=\"text-align: center;\">V\u0103 mul\u021bumesc din suflet !!!\u201d<\/div>\n","protected":false},"excerpt":{"rendered":"<p>Maria Mirabela Cismaru, o t\u00e2n\u0103r\u0103 de doar 17 ani din ora\u0219ul Rovinari a reu\u0219it s\u0103-i impresioneze cu talentul \u0219i vocea sa deosebit\u0103 at\u00e2t pe membri juriului, c\u00e2t \u0219i miile de telespectatori care au urm\u0103rit-o s\u0103pt\u0103m\u00e2nal. S\u0103 fim m\u00e2ndri \u0219i s\u0103 o sus\u021binem pe aceast\u0103 superb\u0103 t\u00e2n\u0103r\u0103, \u00eentruc\u00e2t are nevoie de noi \u0219i trebuie s\u0103 \u00eei [&hellip;]<\/p>\n","protected":false},"author":1001008,"featured_media":0,"comment_status":"open","ping_status":"open","sticky":false,"template":"","format":"standard","meta":{"ngg_post_thumbnail":0,"footnotes":""},"categories":[4],"tags":[463],"class_list":["post-5334","post","type-post","status-publish","format-standard","hentry","category-informatii-locale","tag-maria-mirabela-cismaru-la-vocea-romaniei"],"_links":{"self":[{"href":"https:\/\/primariarovinari.ro\/old\/wp-json\/wp\/v2\/posts\/5334","targetHints":{"allow":["GET"]}}],"collection":[{"href":"https:\/\/primariarovinari.ro\/old\/wp-json\/wp\/v2\/posts"}],"about":[{"href":"https:\/\/primariarovinari.ro\/old\/wp-json\/wp\/v2\/types\/post"}],"author":[{"embeddable":true,"href":"https:\/\/primariarovinari.ro\/old\/wp-json\/wp\/v2\/users\/1001008"}],"replies":[{"embeddable":true,"href":"https:\/\/primariarovinari.ro\/old\/wp-json\/wp\/v2\/comments?post=5334"}],"version-history":[{"count":0,"href":"https:\/\/primariarovinari.ro\/old\/wp-json\/wp\/v2\/posts\/5334\/revisions"}],"wp:attachment":[{"href":"https:\/\/primariarovinari.ro\/old\/wp-json\/wp\/v2\/media?parent=5334"}],"wp:term":[{"taxonomy":"category","embeddable":true,"href":"https:\/\/primariarovinari.ro\/old\/wp-json\/wp\/v2\/categories?post=5334"},{"taxonomy":"post_tag","embeddable":true,"href":"https:\/\/primariarovinari.ro\/old\/wp-json\/wp\/v2\/tags?post=5334"}],"curies":[{"name":"wp","href":"https:\/\/api.w.org\/{rel}","templated":true}]}}