{"id":5201,"date":"2012-10-17T07:51:01","date_gmt":"2012-10-17T05:51:01","guid":{"rendered":"http:\/\/www.primariarovinari.ro\/?p=5201"},"modified":"2012-10-17T11:30:14","modified_gmt":"2012-10-17T09:30:14","slug":"campanie-de-informare-cu-tema-%e2%80%9eprevenirea-cancerului-la-san%e2%80%9d","status":"publish","type":"post","link":"https:\/\/primariarovinari.ro\/old\/2012\/10\/campanie-de-informare-cu-tema-%e2%80%9eprevenirea-cancerului-la-san%e2%80%9d\/","title":{"rendered":"Campanie de informare cu tema \u201ePrevenirea Cancerului la S\u00e2n\u201d"},"content":{"rendered":"<p style=\"text-align: justify;\"><a href=\"http:\/\/www.primariarovinari.ro\/wp-content\/uploads\/2012\/10\/IMG_6188.jpg\"><img loading=\"lazy\" decoding=\"async\" class=\"alignright size-medium wp-image-5202\" style=\"margin-top: 1px; margin-bottom: 1px;\" title=\"rovinari prevenire cancer\" src=\"http:\/\/www.primariarovinari.ro\/wp-content\/uploads\/2012\/10\/IMG_6188-300x200.jpg\" alt=\"\" width=\"300\" height=\"200\" srcset=\"https:\/\/primariarovinari.ro\/old\/wp-content\/uploads\/2012\/10\/IMG_6188-300x200.jpg 300w, https:\/\/primariarovinari.ro\/old\/wp-content\/uploads\/2012\/10\/IMG_6188.jpg 1024w\" sizes=\"auto, (max-width: 300px) 100vw, 300px\" \/><\/a>Vineri 12 octombrie 2012 a avut loc o campanie de informare, organizat\u0103 de Agen\u0163ia \u00cempreun\u0103, reprezentat\u0103 de Andreea Braga \u015fi Anca Radu, privind \u201ePrevenirea Cancerului la S\u00e2n\u201d.<\/p>\n<p style=\"text-align: justify;\">Gazda evenimentului au fost primarul Dorin Filip \u015fi Chiru Adina &#8211; consilier local. La eveniment au mai participat Simona Marinescu \u015fi Gherlinde Opri\u015f din Lugoj, care \u015fi anul acesta au oferit dona\u0163ii materiale femeilor rrome, dar \u015fi Bogdana Costoiu reprezentanta Asocia\u0163iei Rom\u00e2ne de Oncologie &#8222;Sf. Ana&#8221;.<\/p>\n<p style=\"text-align: justify;\">Campania \u015fi-a dorit informarea \u015fi con\u015ftientizarea femeilor, asupra faptului c\u0103, depistarea cancerului mamar \u015fi a cancerului de orice fel \u00eentr-o faz\u0103 timpurie, este o \u015fans\u0103 la via\u0163\u0103. Luna aceasta, mai exact pe 1 octombrie, a fost \u201eZiua Mondial\u0103 de lupt\u0103 \u00eempotriva cancerului la s\u00e2n\u201d, av\u00e2nd ca moto: \u201eBoala descoperit\u0103 la timp poate fi vindecat\u0103\u201d.<\/p>\n<p style=\"text-align: justify;\"><!--more-->ngg_shortcode_0_placeholder<\/p>\n","protected":false},"excerpt":{"rendered":"<p>Vineri 12 octombrie 2012 a avut loc o campanie de informare, organizat\u0103 de Agen\u0163ia \u00cempreun\u0103, reprezentat\u0103 de Andreea Braga \u015fi Anca Radu, privind \u201ePrevenirea Cancerului la S\u00e2n\u201d. Gazda evenimentului au fost primarul Dorin Filip \u015fi Chiru Adina &#8211; consilier local. La eveniment au mai participat Simona Marinescu \u015fi Gherlinde Opri\u015f din Lugoj, care \u015fi anul [&hellip;]<\/p>\n","protected":false},"author":1001008,"featured_media":0,"comment_status":"open","ping_status":"open","sticky":false,"template":"","format":"standard","meta":{"ngg_post_thumbnail":0,"footnotes":""},"categories":[4],"tags":[460,313],"class_list":["post-5201","post","type-post","status-publish","format-standard","hentry","category-informatii-locale","tag-cancer","tag-prevenire"],"_links":{"self":[{"href":"https:\/\/primariarovinari.ro\/old\/wp-json\/wp\/v2\/posts\/5201","targetHints":{"allow":["GET"]}}],"collection":[{"href":"https:\/\/primariarovinari.ro\/old\/wp-json\/wp\/v2\/posts"}],"about":[{"href":"https:\/\/primariarovinari.ro\/old\/wp-json\/wp\/v2\/types\/post"}],"author":[{"embeddable":true,"href":"https:\/\/primariarovinari.ro\/old\/wp-json\/wp\/v2\/users\/1001008"}],"replies":[{"embeddable":true,"href":"https:\/\/primariarovinari.ro\/old\/wp-json\/wp\/v2\/comments?post=5201"}],"version-history":[{"count":0,"href":"https:\/\/primariarovinari.ro\/old\/wp-json\/wp\/v2\/posts\/5201\/revisions"}],"wp:attachment":[{"href":"https:\/\/primariarovinari.ro\/old\/wp-json\/wp\/v2\/media?parent=5201"}],"wp:term":[{"taxonomy":"category","embeddable":true,"href":"https:\/\/primariarovinari.ro\/old\/wp-json\/wp\/v2\/categories?post=5201"},{"taxonomy":"post_tag","embeddable":true,"href":"https:\/\/primariarovinari.ro\/old\/wp-json\/wp\/v2\/tags?post=5201"}],"curies":[{"name":"wp","href":"https:\/\/api.w.org\/{rel}","templated":true}]}}