{"id":5190,"date":"2012-10-15T09:08:32","date_gmt":"2012-10-15T07:08:32","guid":{"rendered":"http:\/\/www.primariarovinari.ro\/?p=5190"},"modified":"2012-10-15T09:10:59","modified_gmt":"2012-10-15T07:10:59","slug":"ziua-recoltei-motiv-de-sarbatoare-pentru-rovinareni","status":"publish","type":"post","link":"https:\/\/primariarovinari.ro\/old\/2012\/10\/ziua-recoltei-motiv-de-sarbatoare-pentru-rovinareni\/","title":{"rendered":"Ziua Recoltei motiv de s\u0103rb\u0103toare pentru rovin\u0103reni"},"content":{"rendered":"<p style=\"text-align: justify;\"><a href=\"http:\/\/www.youtube.com\/watch?v=qcTzDo0Baoc&amp;feature=share&amp;list=UUBAiSAGpFIkC3IETLUFJ-bA\" target=\"_blank\"><img loading=\"lazy\" decoding=\"async\" class=\"alignright size-medium wp-image-5192\" style=\"margin-top: 5px; margin-bottom: 5px;\" title=\"yiua recoltei rovinari\" src=\"http:\/\/www.primariarovinari.ro\/wp-content\/uploads\/2012\/10\/IMG_6259-300x200.jpg\" alt=\"\" width=\"300\" height=\"200\" srcset=\"https:\/\/primariarovinari.ro\/old\/wp-content\/uploads\/2012\/10\/IMG_6259-300x200.jpg 300w, https:\/\/primariarovinari.ro\/old\/wp-content\/uploads\/2012\/10\/IMG_6259.jpg 1024w\" sizes=\"auto, (max-width: 300px) 100vw, 300px\" \/><\/a>Duminic\u0103 14 octombrie 2012, \u00een Pia\u0163a Agroalimentar\u0103 din centrul ora\u015fului, a fost organizat\u0103 Ziua Recoltei. Cu toate c\u0103, pentru cei mai mul\u0163i dintre agricultori, recolta de anul acesta nu a fost prea bogat\u0103 (datorit\u0103 secetei), ace\u015ftia au participat cu cele mai frumoase recolte f\u0103cute anul acesta.<\/p>\n<p style=\"text-align: justify;\">\u00cen ciuda vremii ploioase, oamenii au venit la s\u0103rb\u0103toarea recoltei, pentru a se aproviziona de iarn\u0103 cu legume, fructe, produse agricole. Cei prezen\u0163i la eveniment au avut parte de un spectacol de muzic\u0103 popular\u0103, expozi\u0163ie de produse tradi\u0163ionale, fructe, legume, vin, \u0163uic\u0103. S\u0103rb\u0103toarea a \u00eenceput cu o slujb\u0103 de mul\u0163umire pentru recolta f\u0103cut\u0103 anul acesta.<\/p>\n<p style=\"text-align: justify;\"><!--more-->ngg_shortcode_0_placeholder<\/p>\n","protected":false},"excerpt":{"rendered":"<p>Duminic\u0103 14 octombrie 2012, \u00een Pia\u0163a Agroalimentar\u0103 din centrul ora\u015fului, a fost organizat\u0103 Ziua Recoltei. Cu toate c\u0103, pentru cei mai mul\u0163i dintre agricultori, recolta de anul acesta nu a fost prea bogat\u0103 (datorit\u0103 secetei), ace\u015ftia au participat cu cele mai frumoase recolte f\u0103cute anul acesta. \u00cen ciuda vremii ploioase, oamenii au venit la s\u0103rb\u0103toarea [&hellip;]<\/p>\n","protected":false},"author":1001008,"featured_media":0,"comment_status":"open","ping_status":"open","sticky":false,"template":"","format":"standard","meta":{"ngg_post_thumbnail":0,"footnotes":""},"categories":[4],"tags":[],"class_list":["post-5190","post","type-post","status-publish","format-standard","hentry","category-informatii-locale"],"_links":{"self":[{"href":"https:\/\/primariarovinari.ro\/old\/wp-json\/wp\/v2\/posts\/5190","targetHints":{"allow":["GET"]}}],"collection":[{"href":"https:\/\/primariarovinari.ro\/old\/wp-json\/wp\/v2\/posts"}],"about":[{"href":"https:\/\/primariarovinari.ro\/old\/wp-json\/wp\/v2\/types\/post"}],"author":[{"embeddable":true,"href":"https:\/\/primariarovinari.ro\/old\/wp-json\/wp\/v2\/users\/1001008"}],"replies":[{"embeddable":true,"href":"https:\/\/primariarovinari.ro\/old\/wp-json\/wp\/v2\/comments?post=5190"}],"version-history":[{"count":0,"href":"https:\/\/primariarovinari.ro\/old\/wp-json\/wp\/v2\/posts\/5190\/revisions"}],"wp:attachment":[{"href":"https:\/\/primariarovinari.ro\/old\/wp-json\/wp\/v2\/media?parent=5190"}],"wp:term":[{"taxonomy":"category","embeddable":true,"href":"https:\/\/primariarovinari.ro\/old\/wp-json\/wp\/v2\/categories?post=5190"},{"taxonomy":"post_tag","embeddable":true,"href":"https:\/\/primariarovinari.ro\/old\/wp-json\/wp\/v2\/tags?post=5190"}],"curies":[{"name":"wp","href":"https:\/\/api.w.org\/{rel}","templated":true}]}}