{"id":5130,"date":"2012-10-02T09:04:30","date_gmt":"2012-10-02T07:04:30","guid":{"rendered":"http:\/\/www.primariarovinari.ro\/?p=5130"},"modified":"2012-10-10T08:57:12","modified_gmt":"2012-10-10T06:57:12","slug":"ziua-varstnicilor-motiv-de-a-impartasi-experienta-vremurilor-trecute","status":"publish","type":"post","link":"https:\/\/primariarovinari.ro\/old\/2012\/10\/ziua-varstnicilor-motiv-de-a-impartasi-experienta-vremurilor-trecute\/","title":{"rendered":"Ziua v\u00e2rstnicilor, motiv de a \u00eemp\u0103rt\u0103\u015fi experien\u0163a vremurilor trecute"},"content":{"rendered":"<p style=\"text-align: justify;\"><a href=\"http:\/\/www.youtube.com\/watch?v=-OM6g4q94Po&amp;feature=share&amp;list=UUBAiSAGpFIkC3IETLUFJ-bA\" target=\"_blank\"><img loading=\"lazy\" decoding=\"async\" class=\"alignright size-medium wp-image-5132\" style=\"margin-top: 5px; margin-bottom: 5px;\" title=\"ziua varstnicilor rovinari (7)\" src=\"http:\/\/www.primariarovinari.ro\/wp-content\/uploads\/2012\/10\/ziua-varstnicilor-rovinari-7-300x200.jpg\" alt=\"\" width=\"300\" height=\"200\" srcset=\"https:\/\/primariarovinari.ro\/old\/wp-content\/uploads\/2012\/10\/ziua-varstnicilor-rovinari-7-300x200.jpg 300w, https:\/\/primariarovinari.ro\/old\/wp-content\/uploads\/2012\/10\/ziua-varstnicilor-rovinari-7.jpg 1024w\" sizes=\"auto, (max-width: 300px) 100vw, 300px\" \/><\/a>Prim\u0103ria \u015fi Consiliul Local Rovinari, \u00eempreun\u0103 cu Casa de Cultur\u0103 \u015fi Biblioteca Rovinari au organizat luni \u00eent\u00e2i octombrie 2012 un program special dedicat reprezentan\u0163ilor v\u00e2rstei a treia din ora\u015ful nostru.<\/p>\n<p style=\"text-align: justify;\">La eveniment au luat parte peste 350 de persoane, care pentru o zi au uitat de grijile \u015fi problemele specifice v\u00e2rstei lor. Atmosfera a fost pe m\u0103sura a\u015ftept\u0103rilor, iar voia bun\u0103 a \u00eenl\u0103turat orice motiv de preocupare sau nelini\u015fte.<\/p>\n<p style=\"text-align: justify;\">Cei prezen\u0163i, au avut parte de multe surprize pl\u0103cute pe toat\u0103 perioada desf\u0103\u015fur\u0103rii evenimentului. A fost o zi dedicat\u0103 amintirilor frumoase din vremurile trecute.<\/p>\n<p style=\"text-align: justify;\"><!--more-->ngg_shortcode_0_placeholder<\/p>\n","protected":false},"excerpt":{"rendered":"<p>Prim\u0103ria \u015fi Consiliul Local Rovinari, \u00eempreun\u0103 cu Casa de Cultur\u0103 \u015fi Biblioteca Rovinari au organizat luni \u00eent\u00e2i octombrie 2012 un program special dedicat reprezentan\u0163ilor v\u00e2rstei a treia din ora\u015ful nostru. La eveniment au luat parte peste 350 de persoane, care pentru o zi au uitat de grijile \u015fi problemele specifice v\u00e2rstei lor. Atmosfera a fost [&hellip;]<\/p>\n","protected":false},"author":1001008,"featured_media":0,"comment_status":"open","ping_status":"open","sticky":false,"template":"","format":"standard","meta":{"ngg_post_thumbnail":0,"footnotes":""},"categories":[4],"tags":[369,64],"class_list":["post-5130","post","type-post","status-publish","format-standard","hentry","category-informatii-locale","tag-pensionari","tag-varstnici"],"_links":{"self":[{"href":"https:\/\/primariarovinari.ro\/old\/wp-json\/wp\/v2\/posts\/5130","targetHints":{"allow":["GET"]}}],"collection":[{"href":"https:\/\/primariarovinari.ro\/old\/wp-json\/wp\/v2\/posts"}],"about":[{"href":"https:\/\/primariarovinari.ro\/old\/wp-json\/wp\/v2\/types\/post"}],"author":[{"embeddable":true,"href":"https:\/\/primariarovinari.ro\/old\/wp-json\/wp\/v2\/users\/1001008"}],"replies":[{"embeddable":true,"href":"https:\/\/primariarovinari.ro\/old\/wp-json\/wp\/v2\/comments?post=5130"}],"version-history":[{"count":0,"href":"https:\/\/primariarovinari.ro\/old\/wp-json\/wp\/v2\/posts\/5130\/revisions"}],"wp:attachment":[{"href":"https:\/\/primariarovinari.ro\/old\/wp-json\/wp\/v2\/media?parent=5130"}],"wp:term":[{"taxonomy":"category","embeddable":true,"href":"https:\/\/primariarovinari.ro\/old\/wp-json\/wp\/v2\/categories?post=5130"},{"taxonomy":"post_tag","embeddable":true,"href":"https:\/\/primariarovinari.ro\/old\/wp-json\/wp\/v2\/tags?post=5130"}],"curies":[{"name":"wp","href":"https:\/\/api.w.org\/{rel}","templated":true}]}}