{"id":509,"date":"2009-12-15T13:36:02","date_gmt":"2009-12-15T11:36:02","guid":{"rendered":"http:\/\/www.primariarovinari.ro\/?p=509"},"modified":"2010-03-22T18:13:06","modified_gmt":"2010-03-22T16:13:06","slug":"actiune-caritabila-realizata-de-cadrele-didactice-si-elevii-g-s-i-rovinari","status":"publish","type":"post","link":"https:\/\/primariarovinari.ro\/old\/2009\/12\/actiune-caritabila-realizata-de-cadrele-didactice-si-elevii-g-s-i-rovinari\/","title":{"rendered":"Ac\u0163iune caritabil\u0103 realizat\u0103 de cadrele didactice \u015fi elevii G.S.I. Rovinari"},"content":{"rendered":"<p style=\"text-align: justify;\"><a href=\"http:\/\/www.primariarovinari.ro\/wp-content\/uploads\/2009\/12\/caritate.jpg\"><img loading=\"lazy\" decoding=\"async\" class=\"alignleft size-full wp-image-511\" title=\"caritate\" src=\"http:\/\/www.primariarovinari.ro\/wp-content\/uploads\/2009\/12\/caritate.jpg\" alt=\"\" width=\"275\" height=\"207\" srcset=\"https:\/\/primariarovinari.ro\/old\/wp-content\/uploads\/2009\/12\/caritate.jpg 320w, https:\/\/primariarovinari.ro\/old\/wp-content\/uploads\/2009\/12\/caritate-300x225.jpg 300w\" sizes=\"auto, (max-width: 275px) 100vw, 275px\" \/><\/a>Miercuri, 09 decembrie 2009, \u00een cadrul Strategiei Na\u0163ionale de Ac\u0163iune Comunitar\u0103 (S.N.A.C.) a fost organizat\u0103 o activitate educativ\u0103 de c\u0103tre elevi voluntari \u015fi profesori de la Grupul \u015ecolar Industrial Rovinari, activitate dedicat\u0103 copiilor cu cerin\u0163e educative speciale de la Centrul \u015ecolar de Educa\u0163ie Incluziv\u0103 Tg.-Jiu.<br \/>\nAcordul de parteneriat educa\u0163ional \u00eencheiat \u00eenc\u0103 din anul \u015fcolar 2007-2008 \u015fi p\u00e2n\u0103 \u00een prezent \u00eentre G.S.I. Rovinari reprezentat prin directorul liceului, prof. N\u0103g\u0103ra Nicolae \u015fi Centrul \u015ecolar pentru Educa\u0163ie Incluziv\u0103 Tg.-Jiu reprezentat prin director prof. Nicu Baiu, a fost realizat \u00een\u00a0 vederea desf\u0103\u015fur\u0103rii \u00een bune condi\u0163ii a activit\u0103\u0163ilor de voluntariat, de socializare, de<\/p>\n<p style=\"text-align: justify;\"><!--more-->divertisment \u015fi cultural artistice cu copiii care au cerin\u0163e educative speciale \u00een cadrul S.N.A.C. Organizarea, desf\u0103\u015furarea \u015fi monitorizarea activit\u0103\u0163ilor din cadrul planului de ac\u0163iune al strategiei vor fi asigurate de o comisie de voluntari, cadre didactice \u015fi elevi din cadrul G.S.I. Rovinari conform planului de ac\u0163iune programat. \u00cencep\u00e2nd din anul \u015fcolar 2007-2008 \u015fi p\u00e2n\u0103 \u00een prezent, activit\u0103\u0163ile derulate de voluntari \u00een Centrul \u015ecolar pentru Educa\u0163ie Incluziv\u0103 au fost \u015fi sunt coordonate de prof. Gridan Maria din partea G.S.I. \u015fi prof. Dospina Elena din partea C.S.E.I. Tg.-Jiu \u015fi monitorizate de prof. Mihai Natalia, coordonator jude\u0163ean S.N.A.C. \u015fi directorii celor dou\u0103 institu\u0163ii de \u00eenv\u0103\u0163\u0103m\u00e2nt. Activitatea desf\u0103\u015furat\u0103 cu ocazia s\u0103rb\u0103torilor de iarn\u0103 a constat \u00een prezentarea unui program artistic dedicat copiilor de la \u015ecoala Incluziv\u0103 Tg.-Jiu.<br \/>\nAcest program a fost sus\u0163inut de elevi din cadrul G.S.I. Rovinari, de la clasele a X-a A, a X-a D, a XI-a A, a XII-a D, preg\u0103ti\u0163i de prof. Gridan Maria, prof. \u0162\u00eerc\u0103 Mihaela, prof. Vi\u015fan Camelia, prof. Popescu Mirabela, prof. Cruceru Roxana, prof. Ro\u015fca Valeria. Elevii au prezentat o scenet\u0103 av\u00e2nd \u00een centru na\u015fterea M\u00e2ntuitorului, intitulat\u0103 \u201eNoapte de vis\u201d, de asemenea, au recitat o serie de poezii specifice s\u0103rb\u0103torilor de iarn\u0103 \u015fi i-au \u00eenc\u00e2ntat pe copiii de acolo prin colindele \u015fi cadourile oferite. Activitatea s-a bucurat \u015fi de sus\u0163inerea Prim\u0103riei Rovinari, prin participarea doamnei consilier Chiru Adina, laborant \u00een cadrul liceului.<\/p>\n","protected":false},"excerpt":{"rendered":"<p>Miercuri, 09 decembrie 2009, \u00een cadrul Strategiei Na\u0163ionale de Ac\u0163iune Comunitar\u0103 (S.N.A.C.) a fost organizat\u0103 o activitate educativ\u0103 de c\u0103tre elevi voluntari \u015fi profesori de la Grupul \u015ecolar Industrial Rovinari, activitate dedicat\u0103 copiilor cu cerin\u0163e educative speciale de la Centrul \u015ecolar de Educa\u0163ie Incluziv\u0103 Tg.-Jiu. Acordul de parteneriat educa\u0163ional \u00eencheiat \u00eenc\u0103 din anul \u015fcolar 2007-2008 [&hellip;]<\/p>\n","protected":false},"author":1001008,"featured_media":0,"comment_status":"open","ping_status":"open","sticky":false,"template":"","format":"standard","meta":{"ngg_post_thumbnail":0,"footnotes":""},"categories":[13],"tags":[82,83],"class_list":["post-509","post","type-post","status-publish","format-standard","hentry","category-invatamant","tag-actiune-caritabila","tag-cadouri-sarbatori"],"_links":{"self":[{"href":"https:\/\/primariarovinari.ro\/old\/wp-json\/wp\/v2\/posts\/509","targetHints":{"allow":["GET"]}}],"collection":[{"href":"https:\/\/primariarovinari.ro\/old\/wp-json\/wp\/v2\/posts"}],"about":[{"href":"https:\/\/primariarovinari.ro\/old\/wp-json\/wp\/v2\/types\/post"}],"author":[{"embeddable":true,"href":"https:\/\/primariarovinari.ro\/old\/wp-json\/wp\/v2\/users\/1001008"}],"replies":[{"embeddable":true,"href":"https:\/\/primariarovinari.ro\/old\/wp-json\/wp\/v2\/comments?post=509"}],"version-history":[{"count":0,"href":"https:\/\/primariarovinari.ro\/old\/wp-json\/wp\/v2\/posts\/509\/revisions"}],"wp:attachment":[{"href":"https:\/\/primariarovinari.ro\/old\/wp-json\/wp\/v2\/media?parent=509"}],"wp:term":[{"taxonomy":"category","embeddable":true,"href":"https:\/\/primariarovinari.ro\/old\/wp-json\/wp\/v2\/categories?post=509"},{"taxonomy":"post_tag","embeddable":true,"href":"https:\/\/primariarovinari.ro\/old\/wp-json\/wp\/v2\/tags?post=509"}],"curies":[{"name":"wp","href":"https:\/\/api.w.org\/{rel}","templated":true}]}}