{"id":5088,"date":"2012-09-27T08:37:41","date_gmt":"2012-09-27T06:37:41","guid":{"rendered":"http:\/\/www.primariarovinari.ro\/?p=5088"},"modified":"2012-09-27T09:07:08","modified_gmt":"2012-09-27T07:07:08","slug":"ziua-internationala-a-persoanelor-varstnice-%e2%80%93-01-10-2012","status":"publish","type":"post","link":"https:\/\/primariarovinari.ro\/old\/2012\/09\/ziua-internationala-a-persoanelor-varstnice-%e2%80%93-01-10-2012\/","title":{"rendered":"Ziua Interna\u0163ional\u0103 a Persoanelor V\u00e2rstnice \u2013 01.10.2012"},"content":{"rendered":"<p style=\"text-align: justify;\">Prim\u0103ria \u015fi Consiliul Local Rovinari, al\u0103turi de Casa de Cultur\u0103 \u015fi Biblioteca Rovinari, organizeaz\u0103 luni 1 octombrie 2012 \u201eZiua Interna\u0163ional\u0103 a Persoanelor V\u00e2rstnice\u201d.<\/p>\n<p style=\"text-align: justify;\">Sunt invitate s\u0103 participe la aceast\u0103 manifestare, persoanele cu v\u00e2rsta de peste 60 de ani.\u00a0Invita\u0163iile se pot ridica de la Serviciul Public de Asisten\u0163\u0103 Social\u0103 Rovinari (sediul Prim\u0103riei \u2013 parter), \u00een baza c\u0103r\u0163ii de identitate, \u00een perioada 27 \u2013 28 septembrie 2012, \u00eentre orele 10.00 \u2013 14.00.<a href=\"http:\/\/www.primariarovinari.ro\/wp-content\/uploads\/2012\/09\/ziua-varstnicilor-rovinari.jpg\"><img loading=\"lazy\" decoding=\"async\" class=\"alignright size-medium wp-image-5091\" title=\"ziua varstnicilor rovinari\" src=\"http:\/\/www.primariarovinari.ro\/wp-content\/uploads\/2012\/09\/ziua-varstnicilor-rovinari-300x168.jpg\" alt=\"\" width=\"300\" height=\"168\" srcset=\"https:\/\/primariarovinari.ro\/old\/wp-content\/uploads\/2012\/09\/ziua-varstnicilor-rovinari-300x168.jpg 300w, https:\/\/primariarovinari.ro\/old\/wp-content\/uploads\/2012\/09\/ziua-varstnicilor-rovinari.jpg 1024w\" sizes=\"auto, (max-width: 300px) 100vw, 300px\" \/><\/a><\/p>\n<p style=\"text-align: center;\"><strong>Programul manifest\u0103rii:<\/strong><\/p>\n<p style=\"text-align: justify;\"><strong> <\/strong>13.00 \u2013 18.00 program artistic, muzic\u0103 popular\u0103;<br \/>\n13.00 \u2013 18.00 mas\u0103 festiv\u0103;<br \/>\n15.00 concurs de dans;<br \/>\n16.00 premii surpriz\u0103.<\/p>\n<p style=\"text-align: justify;\">Activit\u0103\u0163ile din cadrul manifest\u0103rii se vor desf\u0103\u015fura \u00eencep\u00e2nd cu orele 13.00, la \u201eRestaurantul President\u201d.<\/p>\n","protected":false},"excerpt":{"rendered":"<p>Prim\u0103ria \u015fi Consiliul Local Rovinari, al\u0103turi de Casa de Cultur\u0103 \u015fi Biblioteca Rovinari, organizeaz\u0103 luni 1 octombrie 2012 \u201eZiua Interna\u0163ional\u0103 a Persoanelor V\u00e2rstnice\u201d. Sunt invitate s\u0103 participe la aceast\u0103 manifestare, persoanele cu v\u00e2rsta de peste 60 de ani.\u00a0Invita\u0163iile se pot ridica de la Serviciul Public de Asisten\u0163\u0103 Social\u0103 Rovinari (sediul Prim\u0103riei \u2013 parter), \u00een baza [&hellip;]<\/p>\n","protected":false},"author":1001008,"featured_media":0,"comment_status":"open","ping_status":"open","sticky":false,"template":"","format":"standard","meta":{"ngg_post_thumbnail":0,"footnotes":""},"categories":[9],"tags":[369,454],"class_list":["post-5088","post","type-post","status-publish","format-standard","hentry","category-anunturi","tag-pensionari","tag-ziua-varsnicilor"],"_links":{"self":[{"href":"https:\/\/primariarovinari.ro\/old\/wp-json\/wp\/v2\/posts\/5088","targetHints":{"allow":["GET"]}}],"collection":[{"href":"https:\/\/primariarovinari.ro\/old\/wp-json\/wp\/v2\/posts"}],"about":[{"href":"https:\/\/primariarovinari.ro\/old\/wp-json\/wp\/v2\/types\/post"}],"author":[{"embeddable":true,"href":"https:\/\/primariarovinari.ro\/old\/wp-json\/wp\/v2\/users\/1001008"}],"replies":[{"embeddable":true,"href":"https:\/\/primariarovinari.ro\/old\/wp-json\/wp\/v2\/comments?post=5088"}],"version-history":[{"count":0,"href":"https:\/\/primariarovinari.ro\/old\/wp-json\/wp\/v2\/posts\/5088\/revisions"}],"wp:attachment":[{"href":"https:\/\/primariarovinari.ro\/old\/wp-json\/wp\/v2\/media?parent=5088"}],"wp:term":[{"taxonomy":"category","embeddable":true,"href":"https:\/\/primariarovinari.ro\/old\/wp-json\/wp\/v2\/categories?post=5088"},{"taxonomy":"post_tag","embeddable":true,"href":"https:\/\/primariarovinari.ro\/old\/wp-json\/wp\/v2\/tags?post=5088"}],"curies":[{"name":"wp","href":"https:\/\/api.w.org\/{rel}","templated":true}]}}