{"id":507,"date":"2009-11-30T13:31:13","date_gmt":"2009-11-30T11:31:13","guid":{"rendered":"http:\/\/www.primariarovinari.ro\/?p=507"},"modified":"2010-03-22T18:12:04","modified_gmt":"2010-03-22T16:12:04","slug":"primaria-rovinari-va-invita-de-1decembrie-pe-bulevardul-minerilor","status":"publish","type":"post","link":"https:\/\/primariarovinari.ro\/old\/2009\/11\/primaria-rovinari-va-invita-de-1decembrie-pe-bulevardul-minerilor\/","title":{"rendered":"Prim\u0103ria Rovinari v\u0103 invit\u0103 de 1Decembrie pe Bulevardul Minerilor"},"content":{"rendered":"<p style=\"text-align: justify;\"><a href=\"http:\/\/www.primariarovinari.ro\/wp-content\/uploads\/2010\/03\/poza1dec.jpg\"><img loading=\"lazy\" decoding=\"async\" class=\"alignright size-full wp-image-506\" title=\"poza1dec\" src=\"http:\/\/www.primariarovinari.ro\/wp-content\/uploads\/2010\/03\/poza1dec.jpg\" alt=\"\" width=\"275\" height=\"199\" srcset=\"https:\/\/primariarovinari.ro\/old\/wp-content\/uploads\/2010\/03\/poza1dec.jpg 400w, https:\/\/primariarovinari.ro\/old\/wp-content\/uploads\/2010\/03\/poza1dec-300x216.jpg 300w\" sizes=\"auto, (max-width: 275px) 100vw, 275px\" \/><\/a>Prim\u0103ria \u015fi Consiliul Local Rovinari invit\u0103 cet\u0103\u0163enii ora\u015fului \u00een data de 1 Decembrie pe Bulevardul Minerilor pentru a s\u0103rb\u0103torii Ziua Na\u0163ional\u0103 a Rom\u00e2niei, \u00eencep\u00e2nd cu orele 11.00.<br \/>\nProgramul manifest\u0103rii cultural-artistice va fi urm\u0103torul:<br \/>\n&#8211; deschiderea oficial\u0103 a manifest\u0103rilor;<br \/>\n&#8211; discursuri privind evocarea marelui eveniment istoric;<br \/>\n&#8211; ceremonial 1 decembrie 1918 &#8211; 91 de ani de la unire;<br \/>\n&#8211; parada portului popular;<br \/>\n&#8211; spectacol folcloric dedicat Zilei Na\u0163ionale a Rom\u00e2niei;<br \/>\n&#8211; dineu oficial &#8211; \u00eent\u00e2lnirea oficialit\u0103\u0163ilor cu mass-media local\u0103;<br \/>\nCa \u00een fiecare an, primarul Dorin Filip, ofer\u0103 de Ziua Na\u0163ional\u0103 un num\u0103r de 2000 de por\u0163ii cu s\u0103rm\u0103lu\u0163e, precum \u015fi \u0163uic\u0103 fiart\u0103 \u015fi vin fiert, tuturor cet\u0103\u0163enilor prezen\u0163i la aceast\u0103 s\u0103rb\u0103toare.<\/p>\n","protected":false},"excerpt":{"rendered":"<p>Prim\u0103ria \u015fi Consiliul Local Rovinari invit\u0103 cet\u0103\u0163enii ora\u015fului \u00een data de 1 Decembrie pe Bulevardul Minerilor pentru a s\u0103rb\u0103torii Ziua Na\u0163ional\u0103 a Rom\u00e2niei, \u00eencep\u00e2nd cu orele 11.00. Programul manifest\u0103rii cultural-artistice va fi urm\u0103torul: &#8211; deschiderea oficial\u0103 a manifest\u0103rilor; &#8211; discursuri privind evocarea marelui eveniment istoric; &#8211; ceremonial 1 decembrie 1918 &#8211; 91 de ani de [&hellip;]<\/p>\n","protected":false},"author":1001008,"featured_media":0,"comment_status":"open","ping_status":"open","sticky":false,"template":"","format":"standard","meta":{"ngg_post_thumbnail":0,"footnotes":""},"categories":[3],"tags":[81,80],"class_list":["post-507","post","type-post","status-publish","format-standard","hentry","category-comunicate-de-presa","tag-1-decembrie","tag-ziua-nationala"],"_links":{"self":[{"href":"https:\/\/primariarovinari.ro\/old\/wp-json\/wp\/v2\/posts\/507","targetHints":{"allow":["GET"]}}],"collection":[{"href":"https:\/\/primariarovinari.ro\/old\/wp-json\/wp\/v2\/posts"}],"about":[{"href":"https:\/\/primariarovinari.ro\/old\/wp-json\/wp\/v2\/types\/post"}],"author":[{"embeddable":true,"href":"https:\/\/primariarovinari.ro\/old\/wp-json\/wp\/v2\/users\/1001008"}],"replies":[{"embeddable":true,"href":"https:\/\/primariarovinari.ro\/old\/wp-json\/wp\/v2\/comments?post=507"}],"version-history":[{"count":0,"href":"https:\/\/primariarovinari.ro\/old\/wp-json\/wp\/v2\/posts\/507\/revisions"}],"wp:attachment":[{"href":"https:\/\/primariarovinari.ro\/old\/wp-json\/wp\/v2\/media?parent=507"}],"wp:term":[{"taxonomy":"category","embeddable":true,"href":"https:\/\/primariarovinari.ro\/old\/wp-json\/wp\/v2\/categories?post=507"},{"taxonomy":"post_tag","embeddable":true,"href":"https:\/\/primariarovinari.ro\/old\/wp-json\/wp\/v2\/tags?post=507"}],"curies":[{"name":"wp","href":"https:\/\/api.w.org\/{rel}","templated":true}]}}