{"id":5017,"date":"2012-09-17T12:23:54","date_gmt":"2012-09-17T10:23:54","guid":{"rendered":"http:\/\/www.primariarovinari.ro\/?p=5017"},"modified":"2012-09-17T12:30:07","modified_gmt":"2012-09-17T10:30:07","slug":"inceputul-anului-%c8%99colar-intampinat-cu-bucuria-%c8%99i-emo%c8%9bia-revederii","status":"publish","type":"post","link":"https:\/\/primariarovinari.ro\/old\/2012\/09\/inceputul-anului-%c8%99colar-intampinat-cu-bucuria-%c8%99i-emo%c8%9bia-revederii\/","title":{"rendered":"\u00cenceputul anului \u0219colar \u00eent\u00e2mpinat cu bucuria \u0219i emo\u021bia revederii"},"content":{"rendered":"<p style=\"text-align: justify;\"><a href=\"http:\/\/www.youtube.com\/watch?v=XLLyqwSkxJo&amp;feature=share&amp;list=UUBAiSAGpFIkC3IETLUFJ-bA\" target=\"_blank\"><img loading=\"lazy\" decoding=\"async\" class=\"alignright size-medium wp-image-5018\" style=\"margin-top: 5px; margin-bottom: 5px;\" title=\"inceput an scolar rovinari (3)\" src=\"http:\/\/www.primariarovinari.ro\/wp-content\/uploads\/2012\/09\/inceput-an-scolar-rovinari-3-300x200.jpg\" alt=\"\" width=\"300\" height=\"200\" srcset=\"https:\/\/primariarovinari.ro\/old\/wp-content\/uploads\/2012\/09\/inceput-an-scolar-rovinari-3-300x200.jpg 300w, https:\/\/primariarovinari.ro\/old\/wp-content\/uploads\/2012\/09\/inceput-an-scolar-rovinari-3.jpg 1021w\" sizes=\"auto, (max-width: 300px) 100vw, 300px\" \/><\/a>Aproximativ \u00a03000 de elevi au \u00eenceput \u0219coala \u00een Ora\u0219ul Rovinari. Ace\u0219tia au fost prezen\u021bi la deschiderea noului an \u0219colar, oficiat \u00een cadrul tuturor unit\u0103\u021bilor de \u00eenv\u0103\u021b\u0103m\u00e2nt din ora\u0219.<\/p>\n<p style=\"text-align: justify;\">Primarul ora\u0219ului Rovinari, Dorin Filip, a fost prezent la deschiderea noului an \u0219colar, la Colegiul \u201eGheorghe T\u0103t\u0103rescu\u201d, unde a sus\u021binut un discurs de bun venit tuturor elevilor, ur\u00e2ndu-le totodat\u0103 succes \u00een noul an \u0219colar, precum \u0219i rezultate bune la \u00eenv\u0103\u021b\u0103tur\u0103.<\/p>\n<div id=\"_mcePaste\">Noul director al Colegiului, F\u00e2r\u021b\u0103 Dumitru, a transmis tuturor celor prezen\u021bi \u2013 elevi, p\u0103rin\u021bi \u0219i profesori mesajul domnului inspector general \u0219colar al jude\u021bului Gorj.<\/div>\n<p style=\"text-align: justify;\"><!--more-->ngg_shortcode_0_placeholder<\/p>\n","protected":false},"excerpt":{"rendered":"<p>Aproximativ \u00a03000 de elevi au \u00eenceput \u0219coala \u00een Ora\u0219ul Rovinari. Ace\u0219tia au fost prezen\u021bi la deschiderea noului an \u0219colar, oficiat \u00een cadrul tuturor unit\u0103\u021bilor de \u00eenv\u0103\u021b\u0103m\u00e2nt din ora\u0219. Primarul ora\u0219ului Rovinari, Dorin Filip, a fost prezent la deschiderea noului an \u0219colar, la Colegiul \u201eGheorghe T\u0103t\u0103rescu\u201d, unde a sus\u021binut un discurs de bun venit tuturor elevilor, [&hellip;]<\/p>\n","protected":false},"author":1001008,"featured_media":0,"comment_status":"open","ping_status":"open","sticky":false,"template":"","format":"standard","meta":{"ngg_post_thumbnail":0,"footnotes":""},"categories":[13],"tags":[450],"class_list":["post-5017","post","type-post","status-publish","format-standard","hentry","category-invatamant","tag-inceput-an-scolar"],"_links":{"self":[{"href":"https:\/\/primariarovinari.ro\/old\/wp-json\/wp\/v2\/posts\/5017","targetHints":{"allow":["GET"]}}],"collection":[{"href":"https:\/\/primariarovinari.ro\/old\/wp-json\/wp\/v2\/posts"}],"about":[{"href":"https:\/\/primariarovinari.ro\/old\/wp-json\/wp\/v2\/types\/post"}],"author":[{"embeddable":true,"href":"https:\/\/primariarovinari.ro\/old\/wp-json\/wp\/v2\/users\/1001008"}],"replies":[{"embeddable":true,"href":"https:\/\/primariarovinari.ro\/old\/wp-json\/wp\/v2\/comments?post=5017"}],"version-history":[{"count":0,"href":"https:\/\/primariarovinari.ro\/old\/wp-json\/wp\/v2\/posts\/5017\/revisions"}],"wp:attachment":[{"href":"https:\/\/primariarovinari.ro\/old\/wp-json\/wp\/v2\/media?parent=5017"}],"wp:term":[{"taxonomy":"category","embeddable":true,"href":"https:\/\/primariarovinari.ro\/old\/wp-json\/wp\/v2\/categories?post=5017"},{"taxonomy":"post_tag","embeddable":true,"href":"https:\/\/primariarovinari.ro\/old\/wp-json\/wp\/v2\/tags?post=5017"}],"curies":[{"name":"wp","href":"https:\/\/api.w.org\/{rel}","templated":true}]}}