{"id":4953,"date":"2012-09-11T14:34:41","date_gmt":"2012-09-11T12:34:41","guid":{"rendered":"http:\/\/www.primariarovinari.ro\/?p=4953"},"modified":"2012-09-11T15:00:08","modified_gmt":"2012-09-11T13:00:08","slug":"centura-la-box-memorialul-titu-folcuti-sambata-15-09-2012-ora-16-00","status":"publish","type":"post","link":"https:\/\/primariarovinari.ro\/old\/2012\/09\/centura-la-box-memorialul-titu-folcuti-sambata-15-09-2012-ora-16-00\/","title":{"rendered":"Centura la Box &#8211; Memorialul &#8222;Titu Folcu\u0163i&#8221;, s\u00e2mb\u0103t\u0103 15.09.2012, ora 16.00"},"content":{"rendered":"<p style=\"text-align: justify;\"><a href=\"http:\/\/www.primariarovinari.ro\/wp-content\/uploads\/2012\/09\/but.jpg\"><img loading=\"lazy\" decoding=\"async\" class=\"alignright size-medium wp-image-4954\" title=\"memorialul titu folcuti\" src=\"http:\/\/www.primariarovinari.ro\/wp-content\/uploads\/2012\/09\/but-211x300.jpg\" alt=\"\" width=\"211\" height=\"300\" srcset=\"https:\/\/primariarovinari.ro\/old\/wp-content\/uploads\/2012\/09\/but-211x300.jpg 211w, https:\/\/primariarovinari.ro\/old\/wp-content\/uploads\/2012\/09\/but.jpg 373w\" sizes=\"auto, (max-width: 211px) 100vw, 211px\" \/><\/a>Prim\u0103ria \u015fi\u00a0<a title=\"Consiliul Local\" href=\"http:\/\/www.primariarovinari.ro\/consiliul-local\/\">Consiliul Local<\/a> Rovinari \u00eempreun\u0103 cu Sec\u0163ia de Box a Clubului Jiul Rovinari, organizeaz\u0103 s\u00e2mb\u0103t\u0103 15 septembrie 2012 Centura la Box\u00a0<em>\u201cMemorialul Titu Folcu\u0163i\u201d<\/em> cu \u00eencepere de la orele 16.00 \u00een sala de sport construit\u0103 pe Bulevardul Minerilor.<\/p>\n<p style=\"text-align: justify;\">Gala este organizat\u0103 \u00een memoria celui care a fost Titu Folcu\u0163i, om dedicat sportului, dar mai ales boxului, \u00een timpul c\u00e2t a fost vicepre\u015fedintele Asocia\u0163iei Jude\u0163ene de Box.<\/p>\n<p style=\"text-align: justify;\">Pe l\u00e2ng\u0103 Jiul Rovinari, vor mai participa: C.S.M. Craiova, C.F.R. Craiova, \u201cU\u201d Craiova, C.S. Drobeta Turnu Severin, C.S. Bumbe\u015fti Jiu, C.S. Pandurii Tg-Jiu, C.S.S. Constructorul Hunedoara, C.S. Chimia Rm. V\u00e2lcea, C.S. Banatul Timi\u015foara, C.S. Tand\u0103r Rm. V\u00e2lcea.<\/p>\n<p style=\"text-align: justify;\">La memorial va fi prezent\u0103 familia Folcu\u0163i, urm\u00e2nd ca o mare parte din medalii, diplome \u015fi plachete s\u0103 fie decernate de membrii familiei.<\/p>\n<p style=\"text-align: justify;\"><strong><!--more-->PROGRAM<\/strong><\/p>\n<p style=\"text-align: justify;\">08.00 \u2013 10.00 sosirea participan\u0163ilor;<\/p>\n<p style=\"text-align: justify;\">11.00 c\u00e2ntarul \u015fi vizita medical\u0103;<\/p>\n<p style=\"text-align: justify;\">13.00 \u2013 14.00 \u015fedin\u0163a tehnic\u0103;<\/p>\n<p style=\"text-align: justify;\">16.00 \u2013 Gala de Box\u00a0<em>\u201cMemorialul Titu Folcu\u0163i\u201d<\/em>.<\/p>\n<p style=\"text-align: justify;\"><strong><span style=\"color: #0000ff;\">Intrarea va fi gratuit\u0103.<\/span><\/strong><\/p>\n","protected":false},"excerpt":{"rendered":"<p>Prim\u0103ria \u015fi\u00a0Consiliul Local Rovinari \u00eempreun\u0103 cu Sec\u0163ia de Box a Clubului Jiul Rovinari, organizeaz\u0103 s\u00e2mb\u0103t\u0103 15 septembrie 2012 Centura la Box\u00a0\u201cMemorialul Titu Folcu\u0163i\u201d cu \u00eencepere de la orele 16.00 \u00een sala de sport construit\u0103 pe Bulevardul Minerilor. Gala este organizat\u0103 \u00een memoria celui care a fost Titu Folcu\u0163i, om dedicat sportului, dar mai ales boxului, [&hellip;]<\/p>\n","protected":false},"author":1001008,"featured_media":0,"comment_status":"open","ping_status":"open","sticky":false,"template":"","format":"standard","meta":{"ngg_post_thumbnail":0,"footnotes":""},"categories":[14],"tags":[447],"class_list":["post-4953","post","type-post","status-publish","format-standard","hentry","category-cs-jiul-rovinari","tag-centura-la-box"],"_links":{"self":[{"href":"https:\/\/primariarovinari.ro\/old\/wp-json\/wp\/v2\/posts\/4953","targetHints":{"allow":["GET"]}}],"collection":[{"href":"https:\/\/primariarovinari.ro\/old\/wp-json\/wp\/v2\/posts"}],"about":[{"href":"https:\/\/primariarovinari.ro\/old\/wp-json\/wp\/v2\/types\/post"}],"author":[{"embeddable":true,"href":"https:\/\/primariarovinari.ro\/old\/wp-json\/wp\/v2\/users\/1001008"}],"replies":[{"embeddable":true,"href":"https:\/\/primariarovinari.ro\/old\/wp-json\/wp\/v2\/comments?post=4953"}],"version-history":[{"count":0,"href":"https:\/\/primariarovinari.ro\/old\/wp-json\/wp\/v2\/posts\/4953\/revisions"}],"wp:attachment":[{"href":"https:\/\/primariarovinari.ro\/old\/wp-json\/wp\/v2\/media?parent=4953"}],"wp:term":[{"taxonomy":"category","embeddable":true,"href":"https:\/\/primariarovinari.ro\/old\/wp-json\/wp\/v2\/categories?post=4953"},{"taxonomy":"post_tag","embeddable":true,"href":"https:\/\/primariarovinari.ro\/old\/wp-json\/wp\/v2\/tags?post=4953"}],"curies":[{"name":"wp","href":"https:\/\/api.w.org\/{rel}","templated":true}]}}