{"id":4939,"date":"2012-12-14T08:05:07","date_gmt":"2012-12-14T06:05:07","guid":{"rendered":"http:\/\/www.primariarovinari.ro\/?p=4939"},"modified":"2012-12-14T08:28:06","modified_gmt":"2012-12-14T06:28:06","slug":"anun%c8%9b-privind-intreruperea-furnizarii-energiei-electrice","status":"publish","type":"post","link":"https:\/\/primariarovinari.ro\/old\/2012\/12\/anun%c8%9b-privind-intreruperea-furnizarii-energiei-electrice\/","title":{"rendered":"Anun\u021b privind \u00eentreruperea furniz\u0103rii energiei electrice"},"content":{"rendered":"<p style=\"text-align: justify;\"><a href=\"http:\/\/www.primariarovinari.ro\/wp-content\/uploads\/2012\/09\/cez_romania.jpg\"><img loading=\"lazy\" decoding=\"async\" class=\"alignright size-medium wp-image-4940\" style=\"margin-top: 5px; margin-bottom: 5px;\" title=\"cez_romania\" src=\"http:\/\/www.primariarovinari.ro\/wp-content\/uploads\/2012\/09\/cez_romania-300x183.jpg\" alt=\"\" width=\"300\" height=\"183\" srcset=\"https:\/\/primariarovinari.ro\/old\/wp-content\/uploads\/2012\/09\/cez_romania-300x183.jpg 300w, https:\/\/primariarovinari.ro\/old\/wp-content\/uploads\/2012\/09\/cez_romania.jpg 560w\" sizes=\"auto, (max-width: 300px) 100vw, 300px\" \/><\/a>CEZ Distribu\u0163ie anun\u021b\u0103 execu\u021bia unor lucr\u0103ri programate \u00een re\u0163elele electrice pentru cre\u015fterea gradului de siguran\u0163\u0103 \u015fi continuitate \u00een alimentarea cu energie electric\u0103 a consumatorilor, precum \u015fi a \u00eembun\u0103t\u0103\u0163irii parametrilor de calitate ai energiei electrice distribuite.<\/p>\n<p style=\"text-align: justify;\">\u00cen data de 19.12.2012, CEZ Distribu\u0163ie anun\u0163\u0103 \u00eentreruperea furniz\u0103rii energiei electrice la consumatorii casnici \u015fi agen\u0163ii economici din zona <strong>Strada Termocentralei &#8211; par\u0163ial, blocurile: T1, T2, S1, S2. Intervalul orar de \u00eentrerupere este 08:00 \u2013 14:00.<\/strong><\/p>\n<p style=\"text-align: justify;\"><!--more-->Lucr\u0103rile pot fi reprogramate \u00een situa\u0163ia \u00een care condi\u0163iile meteo sunt nefavorabile.<\/p>\n<p style=\"text-align: justify;\">Informa\u0163ii actualizate despre programul acestor lucr\u0103ri pentru s\u0103pt\u0103m\u00e2na \u00een curs sunt disponibile la adresa www.cez.ro.<\/p>\n<p style=\"text-align: justify;\">CEZ Distribu\u0163ie avertizeaz\u0103:<\/p>\n<p style=\"text-align: justify;\">ATEN\u0162IE! Constituie pericol iminent de electrocutare urm\u0103toarele ac\u0163iuni \u00eentreprinse de persoane neautorizate:<\/p>\n<div id=\"_mcePaste\" style=\"text-align: justify;\">\uf0a7\tintrarea \u00een posturile de transformare;<\/div>\n<div id=\"_mcePaste\" style=\"text-align: justify;\">\uf0a7\turcarea pe st\u00e2lpii de sus\u0163inere ai re\u0163elelor electrice;<\/div>\n<div id=\"_mcePaste\" style=\"text-align: justify;\">\uf0a7\t\u00eenlocuirea siguran\u0163elor electrice \u00een posturile de transformare, cutii de distribu\u0163ie, ni\u015fele \u015fi firidele de la case \u015fi blocuri de locuin\u0163e.<\/div>\n<p style=\"text-align: justify;\">\n","protected":false},"excerpt":{"rendered":"<p>CEZ Distribu\u0163ie anun\u021b\u0103 execu\u021bia unor lucr\u0103ri programate \u00een re\u0163elele electrice pentru cre\u015fterea gradului de siguran\u0163\u0103 \u015fi continuitate \u00een alimentarea cu energie electric\u0103 a consumatorilor, precum \u015fi a \u00eembun\u0103t\u0103\u0163irii parametrilor de calitate ai energiei electrice distribuite. \u00cen data de 19.12.2012, CEZ Distribu\u0163ie anun\u0163\u0103 \u00eentreruperea furniz\u0103rii energiei electrice la consumatorii casnici \u015fi agen\u0163ii economici din zona Strada [&hellip;]<\/p>\n","protected":false},"author":1001008,"featured_media":0,"comment_status":"open","ping_status":"open","sticky":false,"template":"","format":"standard","meta":{"ngg_post_thumbnail":0,"footnotes":""},"categories":[4],"tags":[446],"class_list":["post-4939","post","type-post","status-publish","format-standard","hentry","category-informatii-locale","tag-program-intrerupere-furnizare-energie-elecrica"],"_links":{"self":[{"href":"https:\/\/primariarovinari.ro\/old\/wp-json\/wp\/v2\/posts\/4939","targetHints":{"allow":["GET"]}}],"collection":[{"href":"https:\/\/primariarovinari.ro\/old\/wp-json\/wp\/v2\/posts"}],"about":[{"href":"https:\/\/primariarovinari.ro\/old\/wp-json\/wp\/v2\/types\/post"}],"author":[{"embeddable":true,"href":"https:\/\/primariarovinari.ro\/old\/wp-json\/wp\/v2\/users\/1001008"}],"replies":[{"embeddable":true,"href":"https:\/\/primariarovinari.ro\/old\/wp-json\/wp\/v2\/comments?post=4939"}],"version-history":[{"count":0,"href":"https:\/\/primariarovinari.ro\/old\/wp-json\/wp\/v2\/posts\/4939\/revisions"}],"wp:attachment":[{"href":"https:\/\/primariarovinari.ro\/old\/wp-json\/wp\/v2\/media?parent=4939"}],"wp:term":[{"taxonomy":"category","embeddable":true,"href":"https:\/\/primariarovinari.ro\/old\/wp-json\/wp\/v2\/categories?post=4939"},{"taxonomy":"post_tag","embeddable":true,"href":"https:\/\/primariarovinari.ro\/old\/wp-json\/wp\/v2\/tags?post=4939"}],"curies":[{"name":"wp","href":"https:\/\/api.w.org\/{rel}","templated":true}]}}