{"id":4889,"date":"2012-08-09T18:08:45","date_gmt":"2012-08-09T16:08:45","guid":{"rendered":"http:\/\/www.primariarovinari.ro\/?p=4889"},"modified":"2012-08-09T18:10:29","modified_gmt":"2012-08-09T16:10:29","slug":"festivalului-berii-la-a-vii-a-editie-13-19-august-2012","status":"publish","type":"post","link":"https:\/\/primariarovinari.ro\/old\/2012\/08\/festivalului-berii-la-a-vii-a-editie-13-19-august-2012\/","title":{"rendered":"&#8222;Festivalul Berii&#8221; la a VII-a edi\u0163ie: 13 &#8211; 19 august 2012"},"content":{"rendered":"<p style=\"text-align: justify;\"><a href=\"http:\/\/www.primariarovinari.ro\/wp-content\/uploads\/2012\/08\/Copy-of-festival-rovinari-2012.jpg\"><img loading=\"lazy\" decoding=\"async\" class=\"alignright size-medium wp-image-4894\" title=\"Copy of festival rovinari 2012\" src=\"http:\/\/www.primariarovinari.ro\/wp-content\/uploads\/2012\/08\/Copy-of-festival-rovinari-2012-210x300.jpg\" alt=\"\" width=\"210\" height=\"300\" srcset=\"https:\/\/primariarovinari.ro\/old\/wp-content\/uploads\/2012\/08\/Copy-of-festival-rovinari-2012-210x300.jpg 210w, https:\/\/primariarovinari.ro\/old\/wp-content\/uploads\/2012\/08\/Copy-of-festival-rovinari-2012.jpg 720w\" sizes=\"auto, (max-width: 210px) 100vw, 210px\" \/><\/a>Prim\u0103ria \u015fi Consiliul Local Rovinari \u00eempreun\u0103 cu Casa de Cultur\u0103 \u015fi Biblioteca Rovinari organizeaz\u0103 \u00een perioada 13 &#8211; 19 august 2012 cea de-a VII-a edi\u0163ie a &#8222;Festivalului Berii&#8221;.<\/p>\n<p style=\"text-align: justify;\">Repartizarea spa\u0163iilor comerciale c\u0103tre agen\u0163ii comerciali prezen\u0163i la festivalul de anul acesta se va efectua \u00eencep\u00e2nd de luni 13 august. Ace\u015ftia vor fi prezen\u0163i pe parcursul \u00eentregii s\u0103pt\u0103m\u00e2ni pe Bulevardul Minerilor unde ne vor \u00eent\u00e2mpina \u00een cea mai mare parte cu mici \u015fi bere.<\/p>\n<p style=\"text-align: justify;\">\u00cen ultimele dou\u0103 zile ale s\u0103pt\u0103m\u00e2nii, respectiv s\u00e2mb\u0103t\u0103 \u015fi duminic\u0103 vor avea loc consursuri \u015fi \u00eentregeri sportive r\u0103spl\u0103tite de organizatori cu premii surpriz\u0103. Dup\u0103 concursuri vor avea loc spectacole muzicale, printre invita\u0163i: Dumitru Vasilescu &amp; Forma\u0163ia Generalii, Mihai Priescu, Like Chocolate, Nicoleta Voica, Adi de la V\u00e2lcea.<\/p>\n<p style=\"text-align: justify;\">\n","protected":false},"excerpt":{"rendered":"<p>Prim\u0103ria \u015fi Consiliul Local Rovinari \u00eempreun\u0103 cu Casa de Cultur\u0103 \u015fi Biblioteca Rovinari organizeaz\u0103 \u00een perioada 13 &#8211; 19 august 2012 cea de-a VII-a edi\u0163ie a &#8222;Festivalului Berii&#8221;. Repartizarea spa\u0163iilor comerciale c\u0103tre agen\u0163ii comerciali prezen\u0163i la festivalul de anul acesta se va efectua \u00eencep\u00e2nd de luni 13 august. Ace\u015ftia vor fi prezen\u0163i pe parcursul \u00eentregii [&hellip;]<\/p>\n","protected":false},"author":1001008,"featured_media":0,"comment_status":"open","ping_status":"open","sticky":false,"template":"","format":"standard","meta":{"ngg_post_thumbnail":0,"footnotes":""},"categories":[4],"tags":[49,132],"class_list":["post-4889","post","type-post","status-publish","format-standard","hentry","category-informatii-locale","tag-festivalul-berii","tag-spectacol"],"_links":{"self":[{"href":"https:\/\/primariarovinari.ro\/old\/wp-json\/wp\/v2\/posts\/4889","targetHints":{"allow":["GET"]}}],"collection":[{"href":"https:\/\/primariarovinari.ro\/old\/wp-json\/wp\/v2\/posts"}],"about":[{"href":"https:\/\/primariarovinari.ro\/old\/wp-json\/wp\/v2\/types\/post"}],"author":[{"embeddable":true,"href":"https:\/\/primariarovinari.ro\/old\/wp-json\/wp\/v2\/users\/1001008"}],"replies":[{"embeddable":true,"href":"https:\/\/primariarovinari.ro\/old\/wp-json\/wp\/v2\/comments?post=4889"}],"version-history":[{"count":0,"href":"https:\/\/primariarovinari.ro\/old\/wp-json\/wp\/v2\/posts\/4889\/revisions"}],"wp:attachment":[{"href":"https:\/\/primariarovinari.ro\/old\/wp-json\/wp\/v2\/media?parent=4889"}],"wp:term":[{"taxonomy":"category","embeddable":true,"href":"https:\/\/primariarovinari.ro\/old\/wp-json\/wp\/v2\/categories?post=4889"},{"taxonomy":"post_tag","embeddable":true,"href":"https:\/\/primariarovinari.ro\/old\/wp-json\/wp\/v2\/tags?post=4889"}],"curies":[{"name":"wp","href":"https:\/\/api.w.org\/{rel}","templated":true}]}}