{"id":488,"date":"2009-10-16T12:45:01","date_gmt":"2009-10-16T10:45:01","guid":{"rendered":"http:\/\/www.primariarovinari.ro\/?p=488"},"modified":"2010-03-22T12:47:59","modified_gmt":"2010-03-22T10:47:59","slug":"sambata-17-octombrie-2009-se-va-desfasura-ziua-recoltei","status":"publish","type":"post","link":"https:\/\/primariarovinari.ro\/old\/2009\/10\/sambata-17-octombrie-2009-se-va-desfasura-ziua-recoltei\/","title":{"rendered":"S\u00e2mb\u0103t\u0103 17 octombrie 2009 se va desf\u0103\u015fura &#8222;Ziua Recoltei&#8221;"},"content":{"rendered":"<p style=\"text-align: justify;\">Consiliul Local Rovinari, Prim\u0103ria ora\u015fului Rovinari, Casa de Cultur\u0103 \u015fi  Biblioteca Rovinari organizeaz\u0103 &#8222;Ziua Recoltei&#8221; s\u00e2mb\u0103t\u0103 17 octombrie  2009. Programul manifest\u0103rii va fi urm\u0103torul:<br \/>\n<strong>orele 10.30<\/strong><br \/>\n&#8211; deschiderea oficial\u0103 a manifest\u0103rii<br \/>\n&#8211; discursuri  sus\u0163inute de oficialit\u0103\u0163ile locale<br \/>\n<strong>orele 11.00 &#8211; 13.00<\/strong><br \/>\n&#8211; program artistic de muzic\u0103 popular\u0103<br \/>\n&#8211; sus\u0163inut de  Ansamblul Folcloric &#8222;Maria L\u0103t\u0103re\u0163u&#8221; &#8211; \u015ecoala Popular\u0103 de Arte<br \/>\n<strong><!--more-->orele  13.00 &#8211; 15.00<\/strong><br \/>\n&#8211; program artistic muzic\u0103 popular\u0103<br \/>\n&#8211; sus\u0163inut de Clubul Elevilor Rovinari \u015fi arti\u015fti locali<br \/>\nExpozi\u0163ii cu v\u00e2nzare:<br \/>\n&#8211; expozi\u0163ie de produse tradi\u0163ionale  rom\u00e2ne\u015fti<br \/>\n&#8211; expozi\u0163ie de obiecte de art\u0103 tradi\u0163ional\u0103 rom\u00e2neasc\u0103<br \/>\n&#8211; expozi\u0163ie de vinuri<br \/>\n&#8211; expozi\u0163ie de fructe \u015fi legume exotice<br \/>\n&#8211; expozi\u0163ie de preparate din buc\u0103t\u0103ria tradi\u0163ional\u0103 rom\u00e2neasc\u0103<\/p>\n<p style=\"text-align: justify;\">Activit\u0103\u0163ile din cadrul Manifest\u0103rii vor avea loc \u00een  Pia\u0163a Agroalimentar\u0103 din ora\u015ful Rovinari \u00eencep\u00e2nd cu orele 10.00. Standurile  din Pia\u0163a Agroalimentar\u0103 vor fi amenajate astfel \u00eenc\u00e2t produc\u0103torii  agricoli individuali de fructe \u015fi legume din jude\u0163 \u015fi din regiune, dar  \u015fi comercian\u0163ii en-gross care \u00ee\u015fi desf\u0103\u015foar\u0103 \u00een mod cotidian activitatea  \u00een incinta pie\u0163ei, s\u0103-\u015fi prezinte \u015fi s\u0103-\u015fi v\u00e2nd\u0103 produsele de sezon la  pre\u0163uri reduse.<\/p>\n","protected":false},"excerpt":{"rendered":"<p>Consiliul Local Rovinari, Prim\u0103ria ora\u015fului Rovinari, Casa de Cultur\u0103 \u015fi Biblioteca Rovinari organizeaz\u0103 &#8222;Ziua Recoltei&#8221; s\u00e2mb\u0103t\u0103 17 octombrie 2009. Programul manifest\u0103rii va fi urm\u0103torul: orele 10.30 &#8211; deschiderea oficial\u0103 a manifest\u0103rii &#8211; discursuri sus\u0163inute de oficialit\u0103\u0163ile locale orele 11.00 &#8211; 13.00 &#8211; program artistic de muzic\u0103 popular\u0103 &#8211; sus\u0163inut de Ansamblul Folcloric &#8222;Maria L\u0103t\u0103re\u0163u&#8221; &#8211; [&hellip;]<\/p>\n","protected":false},"author":1001008,"featured_media":0,"comment_status":"open","ping_status":"open","sticky":false,"template":"","format":"standard","meta":{"ngg_post_thumbnail":0,"footnotes":""},"categories":[9],"tags":[20],"class_list":["post-488","post","type-post","status-publish","format-standard","hentry","category-anunturi","tag-ziua-recoltei"],"_links":{"self":[{"href":"https:\/\/primariarovinari.ro\/old\/wp-json\/wp\/v2\/posts\/488","targetHints":{"allow":["GET"]}}],"collection":[{"href":"https:\/\/primariarovinari.ro\/old\/wp-json\/wp\/v2\/posts"}],"about":[{"href":"https:\/\/primariarovinari.ro\/old\/wp-json\/wp\/v2\/types\/post"}],"author":[{"embeddable":true,"href":"https:\/\/primariarovinari.ro\/old\/wp-json\/wp\/v2\/users\/1001008"}],"replies":[{"embeddable":true,"href":"https:\/\/primariarovinari.ro\/old\/wp-json\/wp\/v2\/comments?post=488"}],"version-history":[{"count":0,"href":"https:\/\/primariarovinari.ro\/old\/wp-json\/wp\/v2\/posts\/488\/revisions"}],"wp:attachment":[{"href":"https:\/\/primariarovinari.ro\/old\/wp-json\/wp\/v2\/media?parent=488"}],"wp:term":[{"taxonomy":"category","embeddable":true,"href":"https:\/\/primariarovinari.ro\/old\/wp-json\/wp\/v2\/categories?post=488"},{"taxonomy":"post_tag","embeddable":true,"href":"https:\/\/primariarovinari.ro\/old\/wp-json\/wp\/v2\/tags?post=488"}],"curies":[{"name":"wp","href":"https:\/\/api.w.org\/{rel}","templated":true}]}}