{"id":4870,"date":"2012-07-20T07:14:28","date_gmt":"2012-07-20T05:14:28","guid":{"rendered":"http:\/\/www.primariarovinari.ro\/?p=4870"},"modified":"2012-07-20T07:16:24","modified_gmt":"2012-07-20T05:16:24","slug":"campanie-de-informare-si-constientizare-a-cetatenilor-2","status":"publish","type":"post","link":"https:\/\/primariarovinari.ro\/old\/2012\/07\/campanie-de-informare-si-constientizare-a-cetatenilor-2\/","title":{"rendered":"Campanie de informare \u015fi con\u015ftientizare a cet\u0103\u0163enilor"},"content":{"rendered":"<p style=\"text-align: justify;\"><a href=\"http:\/\/www.votlegal.mai.gov.ro\/\" target=\"_blank\">\u00cen contextul desf\u0103\u015fur\u0103<\/a><img loading=\"lazy\" decoding=\"async\" class=\"alignright size-medium wp-image-4668\" title=\"afis vot legal\" src=\"http:\/\/www.primariarovinari.ro\/wp-content\/uploads\/2012\/05\/afis-vot-legal-212x300.jpg\" alt=\"\" width=\"212\" height=\"300\" srcset=\"https:\/\/primariarovinari.ro\/old\/wp-content\/uploads\/2012\/05\/afis-vot-legal-212x300.jpg 212w, https:\/\/primariarovinari.ro\/old\/wp-content\/uploads\/2012\/05\/afis-vot-legal.jpg 354w\" sizes=\"auto, (max-width: 212px) 100vw, 212px\" \/><a href=\"http:\/\/www.votlegal.mai.gov.ro\/\" target=\"_blank\">rii referendumului na\u0163ional pentru demiterea Pre\u015fedintelui Rom\u00e2niei din data de 29 iulie 2012, Ministerul Administra\u0163iei \u015fi Internelor, prin Direc\u0163ia de Informare \u015fi Rela\u0163ii Publice, a realizat o campanie de informare \u015fi con\u015ftientizare a popula\u0163iei cu drept de vot asupra riscurilor referitoare la nerespectarea legii referendumului.<\/a><\/p>\n<p style=\"text-align: justify;\">Mai multe materiale ale campaniei sunt postate \u015fi pot fi desc\u0103rcate \u00een formate diferite de la adresa\u00a0<a href=\"http:\/\/www.votlegal.mai.gov.ro\/promo.php\" target=\"_blank\">http:\/\/www.votlegal.mai.gov.ro\/promo.php<\/a><\/p>\n<p style=\"text-align: justify;\">Informa\u0163ii publicate conform adresei Institu\u0163iei Prefectului &#8211; Jude\u0163ul Gorj, nr. 15950 din 19.07.2012.<\/p>\n","protected":false},"excerpt":{"rendered":"<p>\u00cen contextul desf\u0103\u015fur\u0103rii referendumului na\u0163ional pentru demiterea Pre\u015fedintelui Rom\u00e2niei din data de 29 iulie 2012, Ministerul Administra\u0163iei \u015fi Internelor, prin Direc\u0163ia de Informare \u015fi Rela\u0163ii Publice, a realizat o campanie de informare \u015fi con\u015ftientizare a popula\u0163iei cu drept de vot asupra riscurilor referitoare la nerespectarea legii referendumului. Mai multe materiale ale campaniei sunt postate \u015fi [&hellip;]<\/p>\n","protected":false},"author":1001008,"featured_media":0,"comment_status":"open","ping_status":"open","sticky":false,"template":"","format":"standard","meta":{"ngg_post_thumbnail":0,"footnotes":""},"categories":[151],"tags":[444],"class_list":["post-4870","post","type-post","status-publish","format-standard","hentry","category-informatii-publice","tag-referendum"],"_links":{"self":[{"href":"https:\/\/primariarovinari.ro\/old\/wp-json\/wp\/v2\/posts\/4870","targetHints":{"allow":["GET"]}}],"collection":[{"href":"https:\/\/primariarovinari.ro\/old\/wp-json\/wp\/v2\/posts"}],"about":[{"href":"https:\/\/primariarovinari.ro\/old\/wp-json\/wp\/v2\/types\/post"}],"author":[{"embeddable":true,"href":"https:\/\/primariarovinari.ro\/old\/wp-json\/wp\/v2\/users\/1001008"}],"replies":[{"embeddable":true,"href":"https:\/\/primariarovinari.ro\/old\/wp-json\/wp\/v2\/comments?post=4870"}],"version-history":[{"count":0,"href":"https:\/\/primariarovinari.ro\/old\/wp-json\/wp\/v2\/posts\/4870\/revisions"}],"wp:attachment":[{"href":"https:\/\/primariarovinari.ro\/old\/wp-json\/wp\/v2\/media?parent=4870"}],"wp:term":[{"taxonomy":"category","embeddable":true,"href":"https:\/\/primariarovinari.ro\/old\/wp-json\/wp\/v2\/categories?post=4870"},{"taxonomy":"post_tag","embeddable":true,"href":"https:\/\/primariarovinari.ro\/old\/wp-json\/wp\/v2\/tags?post=4870"}],"curies":[{"name":"wp","href":"https:\/\/api.w.org\/{rel}","templated":true}]}}