{"id":4846,"date":"2012-07-09T10:31:42","date_gmt":"2012-07-09T08:31:42","guid":{"rendered":"http:\/\/www.primariarovinari.ro\/?p=4846"},"modified":"2012-07-09T10:32:52","modified_gmt":"2012-07-09T08:32:52","slug":"masuri-recomandate-cetatenilor-in-perioada-caniculei","status":"publish","type":"post","link":"https:\/\/primariarovinari.ro\/old\/2012\/07\/masuri-recomandate-cetatenilor-in-perioada-caniculei\/","title":{"rendered":"M\u0103suri recomandate cet\u0103\u0163enilor \u00een perioada caniculei"},"content":{"rendered":"<p style=\"text-align: justify;\"><a href=\"http:\/\/www.primariarovinari.ro\/wp-content\/uploads\/2012\/07\/temp_judete_6tmbg9dh6e6hb2nse9jn2g8roebqa55q_43.png\"><img loading=\"lazy\" decoding=\"async\" class=\"alignright size-medium wp-image-4849\" title=\"temp_judete_6tmbg9dh6e6hb2nse9jn2g8roebqa55q_43\" src=\"http:\/\/www.primariarovinari.ro\/wp-content\/uploads\/2012\/07\/temp_judete_6tmbg9dh6e6hb2nse9jn2g8roebqa55q_43-300x215.png\" alt=\"\" width=\"300\" height=\"215\" srcset=\"https:\/\/primariarovinari.ro\/old\/wp-content\/uploads\/2012\/07\/temp_judete_6tmbg9dh6e6hb2nse9jn2g8roebqa55q_43-300x215.png 300w, https:\/\/primariarovinari.ro\/old\/wp-content\/uploads\/2012\/07\/temp_judete_6tmbg9dh6e6hb2nse9jn2g8roebqa55q_43.png 315w\" sizes=\"auto, (max-width: 300px) 100vw, 300px\" \/><\/a>Av\u00e2nd \u00een vedere avertizarea meteorologic\u0103 din intervalul 09 \u2013 10.07.2012 ,,COD PORTOCALIU \u201c de canicul\u0103, Comitetul Local pentru Situa\u021bii de Urgen\u021b\u0103 Rovinari s-a \u00eentrunit \u00een \u0219edin\u021b\u0103 extraordinar\u0103\u00a0 pentru a stabili m\u0103surile de prevenire \u0219i combatere a\u00a0 efectelor\u00a0 caniculei \u0219i anume:<\/p>\n<p style=\"text-align: justify;\">\u2022 Instalarea\u00a0 a 2 puncte de distribuire a apei potabile \u0219i asigurarea acestora cu un cadru medical de la Spitalul Or\u0103\u0219enesc Sf. \u0218tefan Rovinari.<\/p>\n<p style=\"text-align: justify;\">\u2022 La SC. ACS. SRL\u00a0 s-a hot\u0103r\u00e2t \u00eentreruperea\u00a0 activit\u0103\u021bilor \u00een aer liber \u00een intervalul orar 10-18.<\/p>\n<p style=\"text-align: justify;\">\u2022 Afi\u0219area de materiale\u00a0 la sediul institu\u021biei\u00a0 \u0219i la punctele de prim ajutor cu m\u0103surile specifice de protec\u021bie a popula\u021biei \u00een perioada caniculei.<\/p>\n<p style=\"text-align: justify;\">\u2022 Instituirea serviciului de permanen\u021b\u0103 la sediul\u00a0 institu\u021biei.<\/p>\n<p style=\"text-align: justify;\">\u2022 \u00cendesirea patrul\u0103rii\u00a0 Politiei Locale Rovinari \u00een zonele aglomerate, pentru a prelua eventualele cazuri de lipotimie datorate caniculei, pentru a fi transportate la serviciul de urgen\u021b\u0103 al Spitalului Or\u0103\u0219enesc.<\/p>\n<p style=\"text-align: justify;\"><!--more-->De asemenea, Comitetul Local pentru Situa\u021bii de Urgen\u021b\u0103 Rovinari recomand\u0103 cet\u0103\u021benilor s\u0103 ia urm\u0103toarele m\u0103suri \u00een perioada caniculei:<\/p>\n<p style=\"text-align: justify;\">\u2022 Consumul zilnic de lichide, 2-4 litri pe zi;<\/p>\n<p style=\"text-align: justify;\">\u2022 Evitarea expunerii la soare, mai ales la ora pr\u00e2nzului;<\/p>\n<p style=\"text-align: justify;\">\u2022 Evitarea excesului de cafea \u0219i b\u0103uturi alcoolice;<\/p>\n<p style=\"text-align: justify;\">\u2022 Evitarea locurilor aglomerate, \u00een special de c\u0103tre persoanele v\u00e2rstnice \u0219i\/sau cele care sufer\u0103 de afec\u021biuni cardiace \u0219i respiratorii;<\/p>\n<p style=\"text-align: justify;\">\u2022 Folosirea mijloacelor de protec\u021bie solar\u0103 (p\u0103l\u0103rii, umbrele, ochelari de soare, \u00eembr\u0103c\u0103minte sub\u021bire, \u00een culori deschise);<\/p>\n<p style=\"text-align: justify;\">\u2022 Evitarea activit\u0103\u021bilor ce presupun eforturi fizice (agricultur\u0103, \u0219antiere de construc\u021bii, hale industriale) \u00eentre orele 10-18, \u00eentruc\u00e2t \u00een aceste ore temperatura atinge valorile maxime.<\/p>\n<p style=\"text-align: justify;\">\n","protected":false},"excerpt":{"rendered":"<p>Av\u00e2nd \u00een vedere avertizarea meteorologic\u0103 din intervalul 09 \u2013 10.07.2012 ,,COD PORTOCALIU \u201c de canicul\u0103, Comitetul Local pentru Situa\u021bii de Urgen\u021b\u0103 Rovinari s-a \u00eentrunit \u00een \u0219edin\u021b\u0103 extraordinar\u0103\u00a0 pentru a stabili m\u0103surile de prevenire \u0219i combatere a\u00a0 efectelor\u00a0 caniculei \u0219i anume: \u2022 Instalarea\u00a0 a 2 puncte de distribuire a apei potabile \u0219i asigurarea acestora cu un [&hellip;]<\/p>\n","protected":false},"author":1001008,"featured_media":0,"comment_status":"open","ping_status":"open","sticky":false,"template":"","format":"standard","meta":{"ngg_post_thumbnail":0,"footnotes":""},"categories":[4],"tags":[439],"class_list":["post-4846","post","type-post","status-publish","format-standard","hentry","category-informatii-locale","tag-masuri-recomandate-in-perioada-caniculei"],"_links":{"self":[{"href":"https:\/\/primariarovinari.ro\/old\/wp-json\/wp\/v2\/posts\/4846","targetHints":{"allow":["GET"]}}],"collection":[{"href":"https:\/\/primariarovinari.ro\/old\/wp-json\/wp\/v2\/posts"}],"about":[{"href":"https:\/\/primariarovinari.ro\/old\/wp-json\/wp\/v2\/types\/post"}],"author":[{"embeddable":true,"href":"https:\/\/primariarovinari.ro\/old\/wp-json\/wp\/v2\/users\/1001008"}],"replies":[{"embeddable":true,"href":"https:\/\/primariarovinari.ro\/old\/wp-json\/wp\/v2\/comments?post=4846"}],"version-history":[{"count":0,"href":"https:\/\/primariarovinari.ro\/old\/wp-json\/wp\/v2\/posts\/4846\/revisions"}],"wp:attachment":[{"href":"https:\/\/primariarovinari.ro\/old\/wp-json\/wp\/v2\/media?parent=4846"}],"wp:term":[{"taxonomy":"category","embeddable":true,"href":"https:\/\/primariarovinari.ro\/old\/wp-json\/wp\/v2\/categories?post=4846"},{"taxonomy":"post_tag","embeddable":true,"href":"https:\/\/primariarovinari.ro\/old\/wp-json\/wp\/v2\/tags?post=4846"}],"curies":[{"name":"wp","href":"https:\/\/api.w.org\/{rel}","templated":true}]}}