{"id":4837,"date":"2012-06-28T13:23:41","date_gmt":"2012-06-28T11:23:41","guid":{"rendered":"http:\/\/www.primariarovinari.ro\/?p=4837"},"modified":"2012-06-28T13:51:31","modified_gmt":"2012-06-28T11:51:31","slug":"filip-dorin-a-depus-juramantul-pentru-al-treilea-mandat-de-primar-al-ora%c8%99ului-rovinari","status":"publish","type":"post","link":"https:\/\/primariarovinari.ro\/old\/2012\/06\/filip-dorin-a-depus-juramantul-pentru-al-treilea-mandat-de-primar-al-ora%c8%99ului-rovinari\/","title":{"rendered":"Filip Dorin a depus jur\u0103m\u00e2ntul pentru al treilea mandat de primar al ora\u0219ului Rovinari"},"content":{"rendered":"<p style=\"text-align: justify;\"><a href=\"http:\/\/www.primariarovinari.ro\/wp-content\/uploads\/2012\/06\/IMG_4489_resize.jpg\"><img loading=\"lazy\" decoding=\"async\" class=\"alignright size-medium wp-image-4838\" title=\"IMG_4489_resize\" src=\"http:\/\/www.primariarovinari.ro\/wp-content\/uploads\/2012\/06\/IMG_4489_resize-300x200.jpg\" alt=\"\" width=\"300\" height=\"200\" srcset=\"https:\/\/primariarovinari.ro\/old\/wp-content\/uploads\/2012\/06\/IMG_4489_resize-300x200.jpg 300w, https:\/\/primariarovinari.ro\/old\/wp-content\/uploads\/2012\/06\/IMG_4489_resize.jpg 1024w\" sizes=\"auto, (max-width: 300px) 100vw, 300px\" \/><\/a>Ast\u0103zi, 28 iunie, la sediul Prim\u0103riei ora\u0219ului Rovinari a avut loc festivitatea de depunere a jur\u0103m\u00e2ntului de c\u0103tre primarul ora\u0219ului, Filip Dorin, \u00eentruc\u00e2t, \u00een data de 10 iunie, acesta a c\u00e2\u0219tigat alegerile locale.<\/p>\n<p style=\"text-align: justify;\">La aceast\u0103 festivitate a participat \u0219i prefectul jude\u021bului Gorj, Liviu Andrei, care i-a \u00eendemnat pe to\u021bi cei prezen\u021bi s\u0103 respecte promisiunile \u0219i datoria pe care o au fa\u021b\u0103 de cet\u0103\u021beni, precum \u0219i s\u0103 progreseze, a\u0219a cum au f\u0103cut-o p\u00e2n\u0103 \u00een acest moment \u0219i anume cu rapiditate \u0219i profesionalism.<\/p>\n<p style=\"text-align: justify;\">Apoi au urmat mai multe etape pentru validarea consilierilor, a Consiliului Local Rovinari, c\u00e2t \u0219i depunerea jur\u0103m\u00e2ntului de c\u0103tre edilul-\u0219ef.<\/p>\n<p style=\"text-align: justify;\"><!--more-->Astfel, s-a procedat mai \u00eent\u00e2i la alegerea comisiei de validare a mandatelor consilierilor, care a verificat dosarele depuse de c\u0103tre to\u021bi consilierii pentru a nu exista incompatibilit\u0103\u021bi. S-a trecut apoi la validarea tuturor consilierilor, precum \u0219i a Consiliului Local Rovinari \u00een ansamblul s\u0103u.<\/p>\n<p style=\"text-align: justify;\">Dup\u0103 validare, to\u021bi consilierii au depus jur\u0103m\u00e2ntul \u00een ordinea \u00een care s-a procedat validarea.<\/p>\n<p style=\"text-align: justify;\">\u00cen fa\u021ba consiliului legal constituit, primarul ora\u0219ului Rovinari, Filip Dorin, a depus jur\u0103m\u00e2ntul .<\/p>\n<p style=\"text-align: justify;\">Noii consilieri ale\u0219i pentru mandatul 2012-2016 sunt:<\/p>\n<p style=\"text-align: justify;\">Staicu Eugeniu Mihai, Radu Dorina, Mihai Florin Marian, Ungureanu Dumitru Florian, Chiru \u0218tefania Adina, Becheru Vasile, Golu Tiberiu, Fr\u0103\u021bilescu Nicolae, Vi\u0219an Elena, Rusu Neculai, Chivu Lauren\u021biu, Pistolea Constantin, Vulpe Mirel, T\u0103nase Gigi, Vodislav Claudiu, Cre\u021ban Ileana, Du\u021b\u0103 Nelu.<\/p>\n<p><span style=\"text-align: justify;\">ngg_shortcode_0_placeholder<\/span><\/p>\n","protected":false},"excerpt":{"rendered":"<p>Ast\u0103zi, 28 iunie, la sediul Prim\u0103riei ora\u0219ului Rovinari a avut loc festivitatea de depunere a jur\u0103m\u00e2ntului de c\u0103tre primarul ora\u0219ului, Filip Dorin, \u00eentruc\u00e2t, \u00een data de 10 iunie, acesta a c\u00e2\u0219tigat alegerile locale. La aceast\u0103 festivitate a participat \u0219i prefectul jude\u021bului Gorj, Liviu Andrei, care i-a \u00eendemnat pe to\u021bi cei prezen\u021bi s\u0103 respecte promisiunile \u0219i [&hellip;]<\/p>\n","protected":false},"author":1001008,"featured_media":0,"comment_status":"open","ping_status":"open","sticky":false,"template":"","format":"standard","meta":{"ngg_post_thumbnail":0,"footnotes":""},"categories":[4],"tags":[443],"class_list":["post-4837","post","type-post","status-publish","format-standard","hentry","category-informatii-locale","tag-investirea-primarului-si-a-consiliului-local"],"_links":{"self":[{"href":"https:\/\/primariarovinari.ro\/old\/wp-json\/wp\/v2\/posts\/4837","targetHints":{"allow":["GET"]}}],"collection":[{"href":"https:\/\/primariarovinari.ro\/old\/wp-json\/wp\/v2\/posts"}],"about":[{"href":"https:\/\/primariarovinari.ro\/old\/wp-json\/wp\/v2\/types\/post"}],"author":[{"embeddable":true,"href":"https:\/\/primariarovinari.ro\/old\/wp-json\/wp\/v2\/users\/1001008"}],"replies":[{"embeddable":true,"href":"https:\/\/primariarovinari.ro\/old\/wp-json\/wp\/v2\/comments?post=4837"}],"version-history":[{"count":0,"href":"https:\/\/primariarovinari.ro\/old\/wp-json\/wp\/v2\/posts\/4837\/revisions"}],"wp:attachment":[{"href":"https:\/\/primariarovinari.ro\/old\/wp-json\/wp\/v2\/media?parent=4837"}],"wp:term":[{"taxonomy":"category","embeddable":true,"href":"https:\/\/primariarovinari.ro\/old\/wp-json\/wp\/v2\/categories?post=4837"},{"taxonomy":"post_tag","embeddable":true,"href":"https:\/\/primariarovinari.ro\/old\/wp-json\/wp\/v2\/tags?post=4837"}],"curies":[{"name":"wp","href":"https:\/\/api.w.org\/{rel}","templated":true}]}}