{"id":4831,"date":"2012-06-22T09:32:08","date_gmt":"2012-06-22T07:32:08","guid":{"rendered":"http:\/\/www.primariarovinari.ro\/?p=4831"},"modified":"2012-06-26T06:45:08","modified_gmt":"2012-06-26T04:45:08","slug":"masuri-recomandate-ceta%c8%9benilor-in-perioada-caniculei","status":"publish","type":"post","link":"https:\/\/primariarovinari.ro\/old\/2012\/06\/masuri-recomandate-ceta%c8%9benilor-in-perioada-caniculei\/","title":{"rendered":"M\u0103suri recomandate cet\u0103\u021benilor \u00een perioada caniculei"},"content":{"rendered":"<p style=\"text-align: justify;\"><a href=\"http:\/\/www.primariarovinari.ro\/wp-content\/uploads\/2012\/06\/09_canicula.jpg\"><img loading=\"lazy\" decoding=\"async\" class=\"alignright size-medium wp-image-4832\" style=\"margin-top: 5px; margin-bottom: 5px;\" title=\"09_canicula\" src=\"http:\/\/www.primariarovinari.ro\/wp-content\/uploads\/2012\/06\/09_canicula-300x200.jpg\" alt=\"\" width=\"300\" height=\"200\" srcset=\"https:\/\/primariarovinari.ro\/old\/wp-content\/uploads\/2012\/06\/09_canicula-300x200.jpg 300w, https:\/\/primariarovinari.ro\/old\/wp-content\/uploads\/2012\/06\/09_canicula.jpg 652w\" sizes=\"auto, (max-width: 300px) 100vw, 300px\" \/><\/a>Av\u00e2nd \u00een vedere avertizarea meteorologic\u0103 nr.852567\/21.06.2012 ,,COD PORTOCALIU \u201c de canicul\u0103, Comitetul Local pentru Situa\u021bii de Urgen\u021b\u0103 Rovinari s-a \u00eentrunit \u00een \u0219edin\u021b\u0103 extraordinar\u0103 \u00a0pentru a stabili m\u0103surile de prevenire \u0219i combatere a \u00a0efectelor \u00a0caniculei \u0219i anume:<\/p>\n<p style=\"text-align: justify;\">\u2022\tInstalarea \u00a0a 3 puncte de distribuire a apei potabile \u0219i asigurarea acestora cu un cadru medical de la Spitalul Or\u0103\u0219enesc Sf. \u0218tefan Rovinari.<\/p>\n<p style=\"text-align: justify;\">\u2022\tLa SC. ACS. SRL \u00a0s-a hot\u0103r\u00e2t \u00eentreruperea \u00a0activit\u0103\u021bilor \u00een aer liber \u00een intervalul orar 10-18.<\/p>\n<p style=\"text-align: justify;\">\u2022\tAfi\u0219area de materiale \u00a0la sediul institu\u021biei \u00a0\u0219i la punctele de prim ajutor cu m\u0103surile specifice de protec\u021bie a popula\u021biei \u00een perioada caniculei.<\/p>\n<p style=\"text-align: justify;\"><!--more-->\u2022\tInstituirea serviciului de permanen\u021b\u0103 la sediul \u00a0institu\u021biei.<\/p>\n<div id=\"_mcePaste\" style=\"text-align: justify;\">\u2022\t\u00cendesirea patrul\u0103rii \u00a0Politiei Locale Rovinari \u00een zonele aglomerate, pentru a prelua eventualele cazuri de lipotimie datorate caniculei, pentru a fi transportate la serviciul de urgen\u021b\u0103 al Spitalului Or\u0103\u0219enesc.<\/div>\n<p style=\"text-align: justify;\">De asemenea, Comitetul Local pentru Situa\u021bii de Urgen\u021b\u0103 Rovinari recomand\u0103 cet\u0103\u021benilor s\u0103 ia urm\u0103toarele m\u0103suri \u00een perioada caniculei:<\/p>\n<p style=\"text-align: justify;\">\u2022\tConsumul zilnic de lichide, 2-4 litri pe zi;<\/p>\n<p style=\"text-align: justify;\">\u2022\tEvitarea expunerii la soare, mai ales la ora pr\u00e2nzului;<\/p>\n<p style=\"text-align: justify;\">\u2022\tEvitarea excesului de cafea \u0219i b\u0103uturi alcoolice;<\/p>\n<p style=\"text-align: justify;\">\u2022\tEvitarea locurilor aglomerate, \u00een special de c\u0103tre persoanele v\u00e2rstnice \u0219i\/sau cele care sufer\u0103 de afec\u021biuni cardiace \u0219i respiratorii;<\/p>\n<p style=\"text-align: justify;\">\u2022\tFolosirea mijloacelor de protec\u021bie solar\u0103 (p\u0103l\u0103rii, umbrele, ochelari de soare, \u00eembr\u0103c\u0103minte sub\u021bire, \u00een culori deschise);<\/p>\n<div id=\"_mcePaste\" style=\"text-align: justify;\">\u2022\tEvitarea activit\u0103\u021bilor ce presupun eforturi fizice (agricultur\u0103, \u0219antiere de construc\u021bii, hale industriale) \u00eentre orele 10-18, \u00eentruc\u00e2t \u00een aceste ore temperatura atinge valorile maxime.<\/div>\n<p style=\"text-align: justify;\">\n","protected":false},"excerpt":{"rendered":"<p>Av\u00e2nd \u00een vedere avertizarea meteorologic\u0103 nr.852567\/21.06.2012 ,,COD PORTOCALIU \u201c de canicul\u0103, Comitetul Local pentru Situa\u021bii de Urgen\u021b\u0103 Rovinari s-a \u00eentrunit \u00een \u0219edin\u021b\u0103 extraordinar\u0103 \u00a0pentru a stabili m\u0103surile de prevenire \u0219i combatere a \u00a0efectelor \u00a0caniculei \u0219i anume: \u2022 Instalarea \u00a0a 3 puncte de distribuire a apei potabile \u0219i asigurarea acestora cu un cadru medical de la [&hellip;]<\/p>\n","protected":false},"author":1001008,"featured_media":0,"comment_status":"open","ping_status":"open","sticky":false,"template":"","format":"standard","meta":{"ngg_post_thumbnail":0,"footnotes":""},"categories":[4],"tags":[439],"class_list":["post-4831","post","type-post","status-publish","format-standard","hentry","category-informatii-locale","tag-masuri-recomandate-in-perioada-caniculei"],"_links":{"self":[{"href":"https:\/\/primariarovinari.ro\/old\/wp-json\/wp\/v2\/posts\/4831","targetHints":{"allow":["GET"]}}],"collection":[{"href":"https:\/\/primariarovinari.ro\/old\/wp-json\/wp\/v2\/posts"}],"about":[{"href":"https:\/\/primariarovinari.ro\/old\/wp-json\/wp\/v2\/types\/post"}],"author":[{"embeddable":true,"href":"https:\/\/primariarovinari.ro\/old\/wp-json\/wp\/v2\/users\/1001008"}],"replies":[{"embeddable":true,"href":"https:\/\/primariarovinari.ro\/old\/wp-json\/wp\/v2\/comments?post=4831"}],"version-history":[{"count":0,"href":"https:\/\/primariarovinari.ro\/old\/wp-json\/wp\/v2\/posts\/4831\/revisions"}],"wp:attachment":[{"href":"https:\/\/primariarovinari.ro\/old\/wp-json\/wp\/v2\/media?parent=4831"}],"wp:term":[{"taxonomy":"category","embeddable":true,"href":"https:\/\/primariarovinari.ro\/old\/wp-json\/wp\/v2\/categories?post=4831"},{"taxonomy":"post_tag","embeddable":true,"href":"https:\/\/primariarovinari.ro\/old\/wp-json\/wp\/v2\/tags?post=4831"}],"curies":[{"name":"wp","href":"https:\/\/api.w.org\/{rel}","templated":true}]}}