{"id":4805,"date":"2012-06-18T08:29:55","date_gmt":"2012-06-18T06:29:55","guid":{"rendered":"http:\/\/www.primariarovinari.ro\/?p=4805"},"modified":"2012-06-18T18:30:16","modified_gmt":"2012-06-18T16:30:16","slug":"s-a-deschis-%c8%99trandul-ora%c8%99enesc-rovinari","status":"publish","type":"post","link":"https:\/\/primariarovinari.ro\/old\/2012\/06\/s-a-deschis-%c8%99trandul-ora%c8%99enesc-rovinari\/","title":{"rendered":"S-a deschis \u015etrandul Or\u0103\u015fenesc Rovinari"},"content":{"rendered":"<p style=\"text-align: justify;\"><a href=\"http:\/\/www.primariarovinari.ro\/wp-content\/uploads\/2012\/06\/IMG_3981_resize.jpg\"><img loading=\"lazy\" decoding=\"async\" class=\"alignright size-medium wp-image-4806\" style=\"margin-top: 5px; margin-bottom: 5px;\" title=\"IMG_3981_resize\" src=\"http:\/\/www.primariarovinari.ro\/wp-content\/uploads\/2012\/06\/IMG_3981_resize-300x200.jpg\" alt=\"\" width=\"300\" height=\"200\" srcset=\"https:\/\/primariarovinari.ro\/old\/wp-content\/uploads\/2012\/06\/IMG_3981_resize-300x200.jpg 300w, https:\/\/primariarovinari.ro\/old\/wp-content\/uploads\/2012\/06\/IMG_3981_resize.jpg 1024w\" sizes=\"auto, (max-width: 300px) 100vw, 300px\" \/><\/a>\u00cencep\u00e2nd cu data de 9 iunie, \u015etrandul Or\u0103\u015fenesc Rovinari \u015fi-a deschis por\u0163ile pentru to\u0163i cei care doresc s\u0103 se relaxeze \u00een zilele \u00eensorite de var\u0103.<\/p>\n<p style=\"text-align: justify;\">S-au f\u0103cut o serie de \u00eenfrumuse\u0163\u0103ri \u015fi moderniz\u0103ri, a\u015fa cum se fac \u00een fiecare an \u015fi anume: s-a \u00eenlocuit nisipul cu gazonul sintetic, s-au \u00eenlocuit \u015fezlongurile deteriorate \u015fi s-a igienizat at\u00e2t interiorul c\u00e2t \u015fi exteriorul acestuia.<\/p>\n<p style=\"text-align: justify;\">Intrarea pentru adul\u0163i este 7 lei, pentru copii 5 lei, \u015fezlongul este 2 lei, iar programul este de luni p\u00e2n\u0103 duminic\u0103, orele 10:00 \u2013 19:00.<\/p>\n<div id=\"_mcePaste\" style=\"text-align: center;\">\n<p>V\u0103 a\u015ftept\u0103m!<\/p>\n<\/div>\n<p><span style=\"text-align: justify;\"><!--more-->ngg_shortcode_0_placeholder<\/span><\/p>\n","protected":false},"excerpt":{"rendered":"<p>\u00cencep\u00e2nd cu data de 9 iunie, \u015etrandul Or\u0103\u015fenesc Rovinari \u015fi-a deschis por\u0163ile pentru to\u0163i cei care doresc s\u0103 se relaxeze \u00een zilele \u00eensorite de var\u0103. S-au f\u0103cut o serie de \u00eenfrumuse\u0163\u0103ri \u015fi moderniz\u0103ri, a\u015fa cum se fac \u00een fiecare an \u015fi anume: s-a \u00eenlocuit nisipul cu gazonul sintetic, s-au \u00eenlocuit \u015fezlongurile deteriorate \u015fi s-a igienizat [&hellip;]<\/p>\n","protected":false},"author":1001008,"featured_media":0,"comment_status":"open","ping_status":"open","sticky":false,"template":"","format":"standard","meta":{"ngg_post_thumbnail":0,"footnotes":""},"categories":[4],"tags":[437],"class_list":["post-4805","post","type-post","status-publish","format-standard","hentry","category-informatii-locale","tag-deschiderea-strandului-orasenesc-rovinari"],"_links":{"self":[{"href":"https:\/\/primariarovinari.ro\/old\/wp-json\/wp\/v2\/posts\/4805","targetHints":{"allow":["GET"]}}],"collection":[{"href":"https:\/\/primariarovinari.ro\/old\/wp-json\/wp\/v2\/posts"}],"about":[{"href":"https:\/\/primariarovinari.ro\/old\/wp-json\/wp\/v2\/types\/post"}],"author":[{"embeddable":true,"href":"https:\/\/primariarovinari.ro\/old\/wp-json\/wp\/v2\/users\/1001008"}],"replies":[{"embeddable":true,"href":"https:\/\/primariarovinari.ro\/old\/wp-json\/wp\/v2\/comments?post=4805"}],"version-history":[{"count":0,"href":"https:\/\/primariarovinari.ro\/old\/wp-json\/wp\/v2\/posts\/4805\/revisions"}],"wp:attachment":[{"href":"https:\/\/primariarovinari.ro\/old\/wp-json\/wp\/v2\/media?parent=4805"}],"wp:term":[{"taxonomy":"category","embeddable":true,"href":"https:\/\/primariarovinari.ro\/old\/wp-json\/wp\/v2\/categories?post=4805"},{"taxonomy":"post_tag","embeddable":true,"href":"https:\/\/primariarovinari.ro\/old\/wp-json\/wp\/v2\/tags?post=4805"}],"curies":[{"name":"wp","href":"https:\/\/api.w.org\/{rel}","templated":true}]}}