{"id":479,"date":"2009-10-07T12:30:29","date_gmt":"2009-10-07T10:30:29","guid":{"rendered":"http:\/\/www.primariarovinari.ro\/?p=479"},"modified":"2010-03-22T12:37:33","modified_gmt":"2010-03-22T10:37:33","slug":"proiect-de-hotarare-privind-stabilirea-impozitelor-si-taxelor-locale-pe-anul-2010","status":"publish","type":"post","link":"https:\/\/primariarovinari.ro\/old\/2009\/10\/proiect-de-hotarare-privind-stabilirea-impozitelor-si-taxelor-locale-pe-anul-2010\/","title":{"rendered":"Proiect de hot\u0103r\u00e2re privind stabilirea impozitelor \u015fi taxelor locale pe anul 2010"},"content":{"rendered":"<p style=\"text-align: justify;\">Primarul ora\u015fului Rovinari, Filip Dorin a ini\u0163iat un proiect de hot\u0103r\u00e2re  privind stabilirea impozitelor \u015fi taxelor locale pentru anul 2010.  Proiectul\u00a0 se adreseaz\u0103 at\u00e2t persoanelor fizice c\u00e2t \u015fi juridice  pl\u0103titoare de taxe \u015fi impozite, \u015fi este supus spre dezbatere public\u0103.<\/p>\n<p style=\"text-align: justify;\"><span style=\"color: #ff0000;\"><strong>Pentru a vizualiza proiectul de hot\u0103r\u00e2re<\/strong> <a href=\"wp-content\/files\/pdf_uri\/proiect_hot_itl.pdf\" target=\"_blank\">click aici<\/a>, <strong>iar pentru a dezbate proiectul  de hot\u0103r\u00e2re<\/strong> <a href=\"http:\/\/www.primariarovinari.ro\/contact\/\" target=\"_self\">click aici<\/a><\/span><\/p>\n","protected":false},"excerpt":{"rendered":"<p>Primarul ora\u015fului Rovinari, Filip Dorin a ini\u0163iat un proiect de hot\u0103r\u00e2re privind stabilirea impozitelor \u015fi taxelor locale pentru anul 2010. Proiectul\u00a0 se adreseaz\u0103 at\u00e2t persoanelor fizice c\u00e2t \u015fi juridice pl\u0103titoare de taxe \u015fi impozite, \u015fi este supus spre dezbatere public\u0103. Pentru a vizualiza proiectul de hot\u0103r\u00e2re click aici, iar pentru a dezbate proiectul de hot\u0103r\u00e2re [&hellip;]<\/p>\n","protected":false},"author":1001008,"featured_media":0,"comment_status":"open","ping_status":"open","sticky":false,"template":"","format":"standard","meta":{"ngg_post_thumbnail":0,"footnotes":""},"categories":[3],"tags":[72,71],"class_list":["post-479","post","type-post","status-publish","format-standard","hentry","category-comunicate-de-presa","tag-dezbatere-publica","tag-proiect-hotarare"],"_links":{"self":[{"href":"https:\/\/primariarovinari.ro\/old\/wp-json\/wp\/v2\/posts\/479","targetHints":{"allow":["GET"]}}],"collection":[{"href":"https:\/\/primariarovinari.ro\/old\/wp-json\/wp\/v2\/posts"}],"about":[{"href":"https:\/\/primariarovinari.ro\/old\/wp-json\/wp\/v2\/types\/post"}],"author":[{"embeddable":true,"href":"https:\/\/primariarovinari.ro\/old\/wp-json\/wp\/v2\/users\/1001008"}],"replies":[{"embeddable":true,"href":"https:\/\/primariarovinari.ro\/old\/wp-json\/wp\/v2\/comments?post=479"}],"version-history":[{"count":0,"href":"https:\/\/primariarovinari.ro\/old\/wp-json\/wp\/v2\/posts\/479\/revisions"}],"wp:attachment":[{"href":"https:\/\/primariarovinari.ro\/old\/wp-json\/wp\/v2\/media?parent=479"}],"wp:term":[{"taxonomy":"category","embeddable":true,"href":"https:\/\/primariarovinari.ro\/old\/wp-json\/wp\/v2\/categories?post=479"},{"taxonomy":"post_tag","embeddable":true,"href":"https:\/\/primariarovinari.ro\/old\/wp-json\/wp\/v2\/tags?post=479"}],"curies":[{"name":"wp","href":"https:\/\/api.w.org\/{rel}","templated":true}]}}