{"id":4773,"date":"2012-06-07T09:17:31","date_gmt":"2012-06-07T07:17:31","guid":{"rendered":"http:\/\/www.primariarovinari.ro\/?p=4773"},"modified":"2012-06-13T11:30:26","modified_gmt":"2012-06-13T09:30:26","slug":"primarul-filip-dorin-in-mijlocul-copiilor-de-1-iunie","status":"publish","type":"post","link":"https:\/\/primariarovinari.ro\/old\/2012\/06\/primarul-filip-dorin-in-mijlocul-copiilor-de-1-iunie\/","title":{"rendered":"Primarul Filip Dorin, \u00een mijlocul copiilor de 1 iunie"},"content":{"rendered":"<p style=\"text-align: justify;\"><a href=\"http:\/\/www.primariarovinari.ro\/wp-content\/uploads\/2012\/06\/IMG_3923_resize.jpg\"><img loading=\"lazy\" decoding=\"async\" class=\"alignright size-medium wp-image-4774\" style=\"margin-top: 5px; margin-bottom: 5px;\" title=\"IMG_3923_resize\" src=\"http:\/\/www.primariarovinari.ro\/wp-content\/uploads\/2012\/06\/IMG_3923_resize-300x200.jpg\" alt=\"\" width=\"300\" height=\"200\" srcset=\"https:\/\/primariarovinari.ro\/old\/wp-content\/uploads\/2012\/06\/IMG_3923_resize-300x200.jpg 300w, https:\/\/primariarovinari.ro\/old\/wp-content\/uploads\/2012\/06\/IMG_3923_resize.jpg 1024w\" sizes=\"auto, (max-width: 300px) 100vw, 300px\" \/><\/a>Cu ocazia \u201eZilei Copilului\u201d, Consiliul \u0219i Prim\u0103ria ora\u0219ului Rovinari, \u00eempreun\u0103 cu Biblioteca \u0219i Casa de Cultur\u0103 Rovinari, au organizat \u00een ora\u0219 o petrecere pentru to\u021bi copiii rovin\u0103reni.<\/p>\n<p style=\"text-align: justify;\">Astfel, ace\u0219tia s-au putut bucura de tot felul de jocuri \u0219i tobogane gonflabile, au f\u0103cut poze cu personajele din basme \u0219i clovnii prezen\u021bi \u00een centrul ora\u0219ului \u0219i au primit de la ace\u0219tia foarte multe baloane.<\/p>\n<p style=\"text-align: justify;\">De asemenea, primarul ora\u0219ului, Filip Dorin, a \u00eemp\u0103r\u021bit \u0219epci \u0219i tricouri personalizate &#8211; pe care era scris \u201c1 IUNIE\u201d \u2013 at\u00e2t pe Bulevard, c\u00e2t \u0219i \u00een toate unit\u0103\u021bile de \u00eenv\u0103\u021b\u0103m\u00e2nt.<\/p>\n<p style=\"text-align: justify;\"><!--more-->Edilul \u0219ef al ora\u0219ului a fost \u00een fiecare an \u00een mijlocul copiilor \u0219i asta nu numai de ziua de 1 iunie, el acord\u00e2ndu-le \u00eentotdeauna o foarte mare aten\u021bie \u0219i \u00eencerc\u00e2nd s\u0103 le asigure un viitor c\u00e2t mai bun, mai sigur \u0219i dorind s\u0103 le vad\u0103 \u00een fiecare zi z\u00e2mbetul pe buze.<\/p>\n<p style=\"text-align: justify;\">ngg_shortcode_0_placeholder<\/p>\n","protected":false},"excerpt":{"rendered":"<p>Cu ocazia \u201eZilei Copilului\u201d, Consiliul \u0219i Prim\u0103ria ora\u0219ului Rovinari, \u00eempreun\u0103 cu Biblioteca \u0219i Casa de Cultur\u0103 Rovinari, au organizat \u00een ora\u0219 o petrecere pentru to\u021bi copiii rovin\u0103reni. Astfel, ace\u0219tia s-au putut bucura de tot felul de jocuri \u0219i tobogane gonflabile, au f\u0103cut poze cu personajele din basme \u0219i clovnii prezen\u021bi \u00een centrul ora\u0219ului \u0219i au [&hellip;]<\/p>\n","protected":false},"author":1001008,"featured_media":0,"comment_status":"open","ping_status":"open","sticky":false,"template":"","format":"standard","meta":{"ngg_post_thumbnail":0,"footnotes":""},"categories":[4],"tags":[436],"class_list":["post-4773","post","type-post","status-publish","format-standard","hentry","category-informatii-locale","tag-1-iunie-2012"],"_links":{"self":[{"href":"https:\/\/primariarovinari.ro\/old\/wp-json\/wp\/v2\/posts\/4773","targetHints":{"allow":["GET"]}}],"collection":[{"href":"https:\/\/primariarovinari.ro\/old\/wp-json\/wp\/v2\/posts"}],"about":[{"href":"https:\/\/primariarovinari.ro\/old\/wp-json\/wp\/v2\/types\/post"}],"author":[{"embeddable":true,"href":"https:\/\/primariarovinari.ro\/old\/wp-json\/wp\/v2\/users\/1001008"}],"replies":[{"embeddable":true,"href":"https:\/\/primariarovinari.ro\/old\/wp-json\/wp\/v2\/comments?post=4773"}],"version-history":[{"count":0,"href":"https:\/\/primariarovinari.ro\/old\/wp-json\/wp\/v2\/posts\/4773\/revisions"}],"wp:attachment":[{"href":"https:\/\/primariarovinari.ro\/old\/wp-json\/wp\/v2\/media?parent=4773"}],"wp:term":[{"taxonomy":"category","embeddable":true,"href":"https:\/\/primariarovinari.ro\/old\/wp-json\/wp\/v2\/categories?post=4773"},{"taxonomy":"post_tag","embeddable":true,"href":"https:\/\/primariarovinari.ro\/old\/wp-json\/wp\/v2\/tags?post=4773"}],"curies":[{"name":"wp","href":"https:\/\/api.w.org\/{rel}","templated":true}]}}