{"id":4760,"date":"2012-05-31T09:19:57","date_gmt":"2012-05-31T07:19:57","guid":{"rendered":"http:\/\/www.primariarovinari.ro\/?p=4760"},"modified":"2012-05-31T14:33:37","modified_gmt":"2012-05-31T12:33:37","slug":"hernan-crespo-investe%c8%99te-in-rovinari","status":"publish","type":"post","link":"https:\/\/primariarovinari.ro\/old\/2012\/05\/hernan-crespo-investe%c8%99te-in-rovinari\/","title":{"rendered":"Hernan Crespo investe\u0219te \u00een Rovinari"},"content":{"rendered":"<p style=\"text-align: justify;\"><a href=\"http:\/\/www.primariarovinari.ro\/wp-content\/uploads\/2012\/05\/IMG_3739_resize.jpg\"><img loading=\"lazy\" decoding=\"async\" class=\"alignright size-medium wp-image-4761\" style=\"margin-top: 1px; margin-bottom: 1px;\" title=\"IMG_3739_resize\" src=\"http:\/\/www.primariarovinari.ro\/wp-content\/uploads\/2012\/05\/IMG_3739_resize-300x200.jpg\" alt=\"\" width=\"300\" height=\"200\" srcset=\"https:\/\/primariarovinari.ro\/old\/wp-content\/uploads\/2012\/05\/IMG_3739_resize-300x200.jpg 300w, https:\/\/primariarovinari.ro\/old\/wp-content\/uploads\/2012\/05\/IMG_3739_resize.jpg 1024w\" sizes=\"auto, (max-width: 300px) 100vw, 300px\" \/><\/a>Hernan Crespo, care este o legend\u0103 vie a fotbalului, a sosit \u00een ora\u0219ul Rovinari mar\u021bi, 29 mai, unde a stat dou\u0103 zile, \u00een scopul inaugur\u0103rii fabricii \u201eGey Vision\u201d, care este situat\u0103 l\u00e2ng\u0103 termocentrala Rovinari. Vizita acestuia, precum \u0219i faptul c\u0103 a ales s\u0103 investeasc\u0103 \u00een acest ora\u0219 au reprezentat adev\u0103rate motive de bucurie \u0219i onoare pentru to\u021bi rovin\u0103renii.<\/p>\n<p style=\"text-align: justify;\">\u00cen ziua sosirii, acesta, \u00eempreun\u0103 cu primarul ora\u0219ului, Filip Dorin, au vizitat Stadionul Tineretului, \u00eentruc\u00e2t argentinianul a dorit s\u0103 \u00eei cunoasc\u0103 pe juniorii echipelor de fotbal C.S. Jiul Rovinari.<\/p>\n<p style=\"text-align: justify;\">\u00cen cea de-a doua zi a vizitei sale \u00een Rovinari \u0219i anume miercuri la orele 11:00 a avut loc inaugurarea fabricii. Aici, edilul-\u0219ef al ora\u0219ului, \u00eempreun\u0103 cu faimosul fotbalist au t\u0103iat panglica inaugural\u0103, apoi au vizitat sala de lucru a fabricii, locul de depozitare al componentelor, magazia. Argentinianul a participat apoi la o festivitate \u015fi la o conferin\u0163\u0103 de pres\u0103 la sediul Prim\u0103riei Rovinari, \u00een cadrul c\u0103reia a primit cheia din aur a ora\u015fului \u015fi o plachet\u0103.<\/p>\n<p style=\"text-align: justify;\"><!--more-->Aceast\u0103 fabric\u0103 are ca \u0219i obiect de activitate produc\u021bia de camere video de supraveghere \u0219i sisteme de \u00eenregistrare, fiind prima fabric\u0103 de acest gen din Europa. Ca \u0219i pia\u021b\u0103 de desfacere se urm\u0103resc at\u00e2t pia\u021ba rom\u00e2neasc\u0103, c\u00e2t \u0219i cea interna\u021bional\u0103. Pentru \u00eenceput, au fost create optsprezece locuri de munc\u0103, dorindu-se ca p\u00e2n\u0103 la sf\u00e2r\u0219itul anului s\u0103 se ajung\u0103 la \u0219aptezeci sau optzeci.<\/p>\n<p style=\"text-align: justify;\">\u00centrebat de ce a ales s\u0103 investeasc\u0103 \u00een acest ora\u0219, Hernan Crespo a declarat : \u201eDoi prieteni mi-au spus despre aceast\u0103 posibilitate de a face o investi\u0163ie \u00een Rovinari. Sunt mul\u0163umit de fabrica realizat\u0103 aici. Arat\u0103 foarte bine \u015fi cred c\u0103 \u015fi angaja\u0163ii sunt mul\u0163umi\u0163i de condi\u0163iile de munc\u0103. Sper\u0103m c\u0103 afacerea se va dezvolta \u015fi c\u0103 o s\u0103 reu\u015fim s\u0103 angaj\u0103m mai mul\u0163i oameni&#8221;.<\/p>\n<p style=\"text-align: justify;\">Dup\u0103 \u2013 mas\u0103, argentinianul a asistat la dou\u0103 meciuri de fotbal desf\u0103\u015furate pe stadionul din Rovinari. Primul meci s-a disputat \u00eentre Pandurii T\u00e2rgu-Jiu II \u015fi Jiul Rovinari, ambele din Liga a III-a, iar \u00een cel de-al doilea au jucat dou\u0103 echipe de juniori, echipa c\u00e2\u0219tig\u0103toare primind un tricou din partea lui Crespo. Dup\u0103 meci, acesta a r\u0103mas \u00een mijlocul micilor fotbali\u0219ti, care doreau autografe.<\/p>\n<p style=\"text-align: justify;\"><span style=\"text-align: -webkit-auto;\">ngg_shortcode_0_placeholder<\/span><\/p>\n","protected":false},"excerpt":{"rendered":"<p>Hernan Crespo, care este o legend\u0103 vie a fotbalului, a sosit \u00een ora\u0219ul Rovinari mar\u021bi, 29 mai, unde a stat dou\u0103 zile, \u00een scopul inaugur\u0103rii fabricii \u201eGey Vision\u201d, care este situat\u0103 l\u00e2ng\u0103 termocentrala Rovinari. Vizita acestuia, precum \u0219i faptul c\u0103 a ales s\u0103 investeasc\u0103 \u00een acest ora\u0219 au reprezentat adev\u0103rate motive de bucurie \u0219i onoare [&hellip;]<\/p>\n","protected":false},"author":1001008,"featured_media":0,"comment_status":"open","ping_status":"open","sticky":false,"template":"","format":"standard","meta":{"ngg_post_thumbnail":0,"footnotes":""},"categories":[4],"tags":[435],"class_list":["post-4760","post","type-post","status-publish","format-standard","hentry","category-informatii-locale","tag-hernan-crespo-in-rovinari"],"_links":{"self":[{"href":"https:\/\/primariarovinari.ro\/old\/wp-json\/wp\/v2\/posts\/4760","targetHints":{"allow":["GET"]}}],"collection":[{"href":"https:\/\/primariarovinari.ro\/old\/wp-json\/wp\/v2\/posts"}],"about":[{"href":"https:\/\/primariarovinari.ro\/old\/wp-json\/wp\/v2\/types\/post"}],"author":[{"embeddable":true,"href":"https:\/\/primariarovinari.ro\/old\/wp-json\/wp\/v2\/users\/1001008"}],"replies":[{"embeddable":true,"href":"https:\/\/primariarovinari.ro\/old\/wp-json\/wp\/v2\/comments?post=4760"}],"version-history":[{"count":0,"href":"https:\/\/primariarovinari.ro\/old\/wp-json\/wp\/v2\/posts\/4760\/revisions"}],"wp:attachment":[{"href":"https:\/\/primariarovinari.ro\/old\/wp-json\/wp\/v2\/media?parent=4760"}],"wp:term":[{"taxonomy":"category","embeddable":true,"href":"https:\/\/primariarovinari.ro\/old\/wp-json\/wp\/v2\/categories?post=4760"},{"taxonomy":"post_tag","embeddable":true,"href":"https:\/\/primariarovinari.ro\/old\/wp-json\/wp\/v2\/tags?post=4760"}],"curies":[{"name":"wp","href":"https:\/\/api.w.org\/{rel}","templated":true}]}}