{"id":4750,"date":"2012-05-28T11:35:19","date_gmt":"2012-05-28T09:35:19","guid":{"rendered":"http:\/\/www.primariarovinari.ro\/?p=4750"},"modified":"2012-05-28T11:35:19","modified_gmt":"2012-05-28T09:35:19","slug":"pentru-un-viitor-mai-bun-al-ceta%c8%9benilor-europeni","status":"publish","type":"post","link":"https:\/\/primariarovinari.ro\/old\/2012\/05\/pentru-un-viitor-mai-bun-al-ceta%c8%9benilor-europeni\/","title":{"rendered":"Pentru un viitor mai bun al cet\u0103\u021benilor europeni"},"content":{"rendered":"<p style=\"text-align: justify;\"><a href=\"http:\/\/www.primariarovinari.ro\/wp-content\/uploads\/2012\/05\/IMG_3667_resize.jpg\"><img loading=\"lazy\" decoding=\"async\" class=\"alignright size-medium wp-image-4751\" style=\"margin-top: 5px; margin-bottom: 5px;\" title=\"IMG_3667_resize\" src=\"http:\/\/www.primariarovinari.ro\/wp-content\/uploads\/2012\/05\/IMG_3667_resize-300x200.jpg\" alt=\"\" width=\"300\" height=\"200\" srcset=\"https:\/\/primariarovinari.ro\/old\/wp-content\/uploads\/2012\/05\/IMG_3667_resize-300x200.jpg 300w, https:\/\/primariarovinari.ro\/old\/wp-content\/uploads\/2012\/05\/IMG_3667_resize.jpg 1024w\" sizes=\"auto, (max-width: 300px) 100vw, 300px\" \/><\/a>Proiectul Comenius Bilateral Rom\u00e2nia-Turcia, intitulat \u201ePentru un viitor mai bun al cet\u0103\u021benilor europeni\u201d, este un proiect cofinan\u021bat din fonduri europene, ce se va desf\u0103\u0219ura \u00een perioada 27 mai &#8211; 6 iunie la \u0218coala General\u0103 Num\u0103rul 3 din Rovinari.<\/p>\n<p style=\"text-align: justify;\">Acest proiect reprezint\u0103 un schimb de experien\u021b\u0103 \u00eentre elevii \u0219colilor din dou\u0103 \u021b\u0103ri diferite, av\u00e2nd ca scop \u00eenv\u0103\u021barea de c\u0103tre ace\u0219tia a culturii, obiceiurilor, activit\u0103\u021bilor desf\u0103\u0219urate \u00een \u0219coal\u0103, precum \u0219i a limbii vorbite de cealalt\u0103 comunitate.<\/p>\n<p style=\"text-align: justify;\"><!--more-->A mai existat un proiect premerg\u0103tor acestuia, \u00een s\u0103pt\u0103m\u00e2na \u201e\u0218coala Altfel\u201d, c\u00e2nd doi dintre profesorii din Turcia care au sosit ieri \u00een Rovinari au mai fost aici, unde au stat zece zile \u0219i au \u021binut copiilor de la \u0218coala General\u0103 Num\u0103rul 3 ore de limba turc\u0103. Dup\u0103 aceste zece zile, doi profesori din Rovinari s-au deplasat \u00een Turcia, unde au \u021binut ore de limba rom\u00e2n\u0103 elevilor turci.<\/p>\n<p style=\"text-align: justify;\">Ast\u0103zi, doisprezece elevi, \u00eenso\u021bi\u021bi de trei cadre didactice au sosit la \u0219coal\u0103, unde au fost a\u0219tepta\u021bi de copii \u00eembr\u0103ca\u021bi \u00een haine populare, care i-au servit, conform obiceiului, cu p\u00e2ine \u0219i sare.<\/p>\n<p style=\"text-align: justify;\">Dup\u0103 ce au f\u0103cut cuno\u0219tin\u021b\u0103 cu elevii rom\u00e2ni fa\u021b\u0103 \u00een fa\u021b\u0103 \u2013 \u00eentruc\u00e2t ei au \u021binut leg\u0103tura pe internet \u2013 urmeaz\u0103 desf\u0103\u0219urarea de ore cu clase combinate (elevi rom\u00e2ni \u0219i elevi turci). Materiile pe care le vor \u00eenv\u0103\u021ba sunt urm\u0103toarele: rom\u00e2n\u0103, matematic\u0103, geografie, muzic\u0103, cultur\u0103 civic\u0103, ateliere de pictur\u0103, dansuri \u0219i desen.<\/p>\n<p style=\"text-align: justify;\">ngg_shortcode_0_placeholder<\/p>\n","protected":false},"excerpt":{"rendered":"<p>Proiectul Comenius Bilateral Rom\u00e2nia-Turcia, intitulat \u201ePentru un viitor mai bun al cet\u0103\u021benilor europeni\u201d, este un proiect cofinan\u021bat din fonduri europene, ce se va desf\u0103\u0219ura \u00een perioada 27 mai &#8211; 6 iunie la \u0218coala General\u0103 Num\u0103rul 3 din Rovinari. Acest proiect reprezint\u0103 un schimb de experien\u021b\u0103 \u00eentre elevii \u0219colilor din dou\u0103 \u021b\u0103ri diferite, av\u00e2nd ca scop [&hellip;]<\/p>\n","protected":false},"author":1001008,"featured_media":0,"comment_status":"open","ping_status":"open","sticky":false,"template":"","format":"standard","meta":{"ngg_post_thumbnail":0,"footnotes":""},"categories":[4],"tags":[433],"class_list":["post-4750","post","type-post","status-publish","format-standard","hentry","category-informatii-locale","tag-proiect-romania-turcia"],"_links":{"self":[{"href":"https:\/\/primariarovinari.ro\/old\/wp-json\/wp\/v2\/posts\/4750","targetHints":{"allow":["GET"]}}],"collection":[{"href":"https:\/\/primariarovinari.ro\/old\/wp-json\/wp\/v2\/posts"}],"about":[{"href":"https:\/\/primariarovinari.ro\/old\/wp-json\/wp\/v2\/types\/post"}],"author":[{"embeddable":true,"href":"https:\/\/primariarovinari.ro\/old\/wp-json\/wp\/v2\/users\/1001008"}],"replies":[{"embeddable":true,"href":"https:\/\/primariarovinari.ro\/old\/wp-json\/wp\/v2\/comments?post=4750"}],"version-history":[{"count":0,"href":"https:\/\/primariarovinari.ro\/old\/wp-json\/wp\/v2\/posts\/4750\/revisions"}],"wp:attachment":[{"href":"https:\/\/primariarovinari.ro\/old\/wp-json\/wp\/v2\/media?parent=4750"}],"wp:term":[{"taxonomy":"category","embeddable":true,"href":"https:\/\/primariarovinari.ro\/old\/wp-json\/wp\/v2\/categories?post=4750"},{"taxonomy":"post_tag","embeddable":true,"href":"https:\/\/primariarovinari.ro\/old\/wp-json\/wp\/v2\/tags?post=4750"}],"curies":[{"name":"wp","href":"https:\/\/api.w.org\/{rel}","templated":true}]}}