{"id":4730,"date":"2012-05-25T12:13:08","date_gmt":"2012-05-25T10:13:08","guid":{"rendered":"http:\/\/www.primariarovinari.ro\/?p=4730"},"modified":"2012-05-31T14:43:16","modified_gmt":"2012-05-31T12:43:16","slug":"cu-via%c8%9ba-mea-apar-via%c8%9ba","status":"publish","type":"post","link":"https:\/\/primariarovinari.ro\/old\/2012\/05\/cu-via%c8%9ba-mea-apar-via%c8%9ba\/","title":{"rendered":"&#8222;Cu via\u021ba mea ap\u0103r via\u021ba&#8221;"},"content":{"rendered":"<p style=\"text-align: justify;\"><a href=\"http:\/\/www.primariarovinari.ro\/wp-content\/uploads\/2012\/05\/IMG_3435_resize1.jpg\"><img loading=\"lazy\" decoding=\"async\" class=\"alignright size-medium wp-image-4771\" style=\"margin-top: 5px; margin-bottom: 5px;\" title=\"IMG_3435_resize\" src=\"http:\/\/www.primariarovinari.ro\/wp-content\/uploads\/2012\/05\/IMG_3435_resize1-300x200.jpg\" alt=\"\" width=\"300\" height=\"200\" srcset=\"https:\/\/primariarovinari.ro\/old\/wp-content\/uploads\/2012\/05\/IMG_3435_resize1-300x200.jpg 300w, https:\/\/primariarovinari.ro\/old\/wp-content\/uploads\/2012\/05\/IMG_3435_resize1.jpg 1024w\" sizes=\"auto, (max-width: 300px) 100vw, 300px\" \/><\/a>Concursul cu tematic\u0103 de protec\u0163ie civil\u0103 \u201eCu via\u0163a mea ap\u0103r via\u0163a\u201d reprezint\u0103 activitatea extra\u015fcolar\u0103 de preg\u0103tire a elevilor din \u00eenv\u0103\u0163\u0103m\u00e2ntul gimnazial \u015fi liceal \u015fi este organizat la nivel na\u0163ional de Ministerul Educa\u0163iei,\u00a0Cercet\u0103rii \u015fi Tineretului.<\/p>\n<p>Concursul a constat \u00een trei probe \u0219i anume:<\/p>\n<ul style=\"text-align: justify;\">\n<li>Proba nr. 1 &#8211; Const\u0103 \u00een rezolvarea unui chestionar cu 30 \u00eentreb\u0103ri<\/li>\n<\/ul>\n<ul style=\"text-align: justify;\">\n<li> Proba nr. 2 &#8211; Transportul asistat al unui accidentat a\u015fezat pe targ\u0103 pe \u00a0o distan\u0163a de 50 m<\/li>\n<\/ul>\n<ul style=\"text-align: justify;\">\n<li>Proba nr. 3- \u00a0Proba const\u0103 \u00een parcurgerea traseului de un concurent echipat cu o masc\u0103 de protec\u0163ie contra fumului \u015fi gazelor cu vizorii acoperi\u0163i, prin ghidarea de c\u0103tre cel de-al doilea concurent aflat \u00eentr-un punct fix, la 1 m \u00een afara traseului<\/li>\n<\/ul>\n<p style=\"text-align: justify;\">Ace\u0219tia au c\u00e2\u0219tigat locul IV, fiindu-le \u00eenm\u00e2nate o diplom\u0103 \u0219i un trofeu.<span style=\"text-align: justify;\">Concursul \u00a0se organizeaz\u0103 \u00een urm\u0103toarele scopuri: dezvoltarea capacit\u0103\u0163ii de percep\u0163ie a protec\u0163iei civile; cunoa\u015fterea \u015fi aprecierea factorilor de risc la care este expus\u0103 comunitatea ; cunoa\u015fterea modului de ac\u0163iune \u00een cazul apari\u0163iei unei situa\u0163ii de urgen\u0163\u0103; formarea spiritului de solidaritate \u00een ac\u0163iunile de prevenire \u015fi de interven\u0163ie \u00een situa\u0163ii de urgen\u0163\u0103.<\/span><\/p>\n<p style=\"text-align: justify;\"><!--more-->Au fost cinci echipe din diferite ora\u0219e, din ora\u0219ul Rovinari particip\u00e2nd urm\u0103torii concuren\u021bi: Popescu Flavian, Bozneanu Narcis, Rima Mihai, Sitoianu Horia, care au fost \u00eenso\u021bi\u021bi de c\u0103tre profesorul Tilvescu Cristian.<\/p>\nngg_shortcode_0_placeholder\n","protected":false},"excerpt":{"rendered":"<p>Concursul cu tematic\u0103 de protec\u0163ie civil\u0103 \u201eCu via\u0163a mea ap\u0103r via\u0163a\u201d reprezint\u0103 activitatea extra\u015fcolar\u0103 de preg\u0103tire a elevilor din \u00eenv\u0103\u0163\u0103m\u00e2ntul gimnazial \u015fi liceal \u015fi este organizat la nivel na\u0163ional de Ministerul Educa\u0163iei,\u00a0Cercet\u0103rii \u015fi Tineretului. Concursul a constat \u00een trei probe \u0219i anume: Proba nr. 1 &#8211; Const\u0103 \u00een rezolvarea unui chestionar cu 30 \u00eentreb\u0103ri Proba [&hellip;]<\/p>\n","protected":false},"author":1001008,"featured_media":0,"comment_status":"open","ping_status":"open","sticky":false,"template":"","format":"standard","meta":{"ngg_post_thumbnail":0,"footnotes":""},"categories":[4],"tags":[434],"class_list":["post-4730","post","type-post","status-publish","format-standard","hentry","category-informatii-locale","tag-concurs-cu-viata-mea-apar-viata"],"_links":{"self":[{"href":"https:\/\/primariarovinari.ro\/old\/wp-json\/wp\/v2\/posts\/4730","targetHints":{"allow":["GET"]}}],"collection":[{"href":"https:\/\/primariarovinari.ro\/old\/wp-json\/wp\/v2\/posts"}],"about":[{"href":"https:\/\/primariarovinari.ro\/old\/wp-json\/wp\/v2\/types\/post"}],"author":[{"embeddable":true,"href":"https:\/\/primariarovinari.ro\/old\/wp-json\/wp\/v2\/users\/1001008"}],"replies":[{"embeddable":true,"href":"https:\/\/primariarovinari.ro\/old\/wp-json\/wp\/v2\/comments?post=4730"}],"version-history":[{"count":0,"href":"https:\/\/primariarovinari.ro\/old\/wp-json\/wp\/v2\/posts\/4730\/revisions"}],"wp:attachment":[{"href":"https:\/\/primariarovinari.ro\/old\/wp-json\/wp\/v2\/media?parent=4730"}],"wp:term":[{"taxonomy":"category","embeddable":true,"href":"https:\/\/primariarovinari.ro\/old\/wp-json\/wp\/v2\/categories?post=4730"},{"taxonomy":"post_tag","embeddable":true,"href":"https:\/\/primariarovinari.ro\/old\/wp-json\/wp\/v2\/tags?post=4730"}],"curies":[{"name":"wp","href":"https:\/\/api.w.org\/{rel}","templated":true}]}}