{"id":4724,"date":"2012-05-25T09:52:23","date_gmt":"2012-05-25T07:52:23","guid":{"rendered":"http:\/\/www.primariarovinari.ro\/?p=4724"},"modified":"2012-05-28T09:06:56","modified_gmt":"2012-05-28T07:06:56","slug":"ziua-eroilor-comemorata-%c8%99i-la-rovinari","status":"publish","type":"post","link":"https:\/\/primariarovinari.ro\/old\/2012\/05\/ziua-eroilor-comemorata-%c8%99i-la-rovinari\/","title":{"rendered":"Ziua Eroilor, comemorat\u0103 \u0219i la Rovinari"},"content":{"rendered":"<p style=\"text-align: justify;\"><a href=\"http:\/\/www.youtube.com\/watch?v=KU6ZpBrnh50&amp;hd=1\" target=\"_blank\"><img loading=\"lazy\" decoding=\"async\" class=\"alignright size-medium wp-image-4725\" style=\"margin-top: 5px; margin-bottom: 5px;\" title=\"DSC00019_resize\" src=\"http:\/\/www.primariarovinari.ro\/wp-content\/uploads\/2012\/05\/DSC00019_resize-300x168.jpg\" alt=\"\" width=\"300\" height=\"168\" srcset=\"https:\/\/primariarovinari.ro\/old\/wp-content\/uploads\/2012\/05\/DSC00019_resize-300x168.jpg 300w, https:\/\/primariarovinari.ro\/old\/wp-content\/uploads\/2012\/05\/DSC00019_resize.jpg 1024w\" sizes=\"auto, (max-width: 300px) 100vw, 300px\" \/><\/a>Ieri, 24 mai, dup\u0103 tradi\u021bie, a fost s\u0103rb\u0103torit\u0103 Ziua Eroilor, o zi foarte important\u0103 pentru to\u021bi rom\u00e2nii. Ca atare, acest eveniment a fost comemorat \u0219i la Rovinari a\u0219a cum se cuvinte \u0219i cum a fost comemorat, de altfel, \u00een fiecare an.<\/p>\n<p style=\"text-align: justify;\">Astfel, at\u00e2t la Catedrala Ortodox\u0103 \u201cSfin\u021bii \u00cemp\u0103ra\u021bi Constantin \u0219i Elena\u201d c\u00e2t \u0219i la Biserica Monument Istoric, acolo unde este \u00eenmorm\u00e2ntat Sublocotenentul Post \u2013 Mortem Constantin Lauren\u021biu Lixandru, au fost \u021binute slujbe de comemorare a tuturor eroilor, la care au asistat foarte mul\u021bi rovin\u0103reni \u0219i nu numai.<\/p>\n<p style=\"text-align: justify;\"><!--more-->Camarazii acestuia de la \u201cUnitatea Militar\u0103 Scorpionii Ro\u0219ii Craiova\u201d, \u00a0nu l-au uitat. Au venit la Rovinari, iar dup\u0103 ce au asistat la slujb\u0103, au depus la morm\u00e2ntul acestuia coroane, au aprins lum\u00e2n\u0103ri \u0219i au \u021binut un moment de reculegere. De asemenea \u0219i Consiliul Local al ora\u0219ului Rovinari, \u00eempreun\u0103 cu Prim\u0103ria Rovinari au depus o coroan\u0103 la morm\u00e2ntul Sublocotenentului Post \u2013 Mortem Constantin Lauren\u021biu Lixandru.<\/p>\n<p style=\"text-align: justify;\">Dup\u0103 slujb\u0103, primarul ora\u0219ului Rovinari, Filip Dorin, a oferit tuturor celor care au participat o mas\u0103 la Catedrala Ortodox\u0103 \u201cSfin\u021bii \u00cemp\u0103ra\u021bi Constantin \u0219i Elena\u201d. Au participat aproximativ 600 persoane, printre care to\u021bi copiii de la gr\u0103dini\u021bele din ora\u0219, precum \u0219i copiii de la \u0218coala General\u0103 Num\u0103rul 1, clasele 1A, 1B \u0219i 1C.<\/p>\n<p style=\"text-align: justify;\">ngg_shortcode_0_placeholder<\/p>\n","protected":false},"excerpt":{"rendered":"<p>Ieri, 24 mai, dup\u0103 tradi\u021bie, a fost s\u0103rb\u0103torit\u0103 Ziua Eroilor, o zi foarte important\u0103 pentru to\u021bi rom\u00e2nii. Ca atare, acest eveniment a fost comemorat \u0219i la Rovinari a\u0219a cum se cuvinte \u0219i cum a fost comemorat, de altfel, \u00een fiecare an. Astfel, at\u00e2t la Catedrala Ortodox\u0103 \u201cSfin\u021bii \u00cemp\u0103ra\u021bi Constantin \u0219i Elena\u201d c\u00e2t \u0219i la Biserica [&hellip;]<\/p>\n","protected":false},"author":1001008,"featured_media":0,"comment_status":"open","ping_status":"open","sticky":false,"template":"","format":"standard","meta":{"ngg_post_thumbnail":0,"footnotes":""},"categories":[4],"tags":[432],"class_list":["post-4724","post","type-post","status-publish","format-standard","hentry","category-informatii-locale","tag-ziua-eroilor-2012"],"_links":{"self":[{"href":"https:\/\/primariarovinari.ro\/old\/wp-json\/wp\/v2\/posts\/4724","targetHints":{"allow":["GET"]}}],"collection":[{"href":"https:\/\/primariarovinari.ro\/old\/wp-json\/wp\/v2\/posts"}],"about":[{"href":"https:\/\/primariarovinari.ro\/old\/wp-json\/wp\/v2\/types\/post"}],"author":[{"embeddable":true,"href":"https:\/\/primariarovinari.ro\/old\/wp-json\/wp\/v2\/users\/1001008"}],"replies":[{"embeddable":true,"href":"https:\/\/primariarovinari.ro\/old\/wp-json\/wp\/v2\/comments?post=4724"}],"version-history":[{"count":0,"href":"https:\/\/primariarovinari.ro\/old\/wp-json\/wp\/v2\/posts\/4724\/revisions"}],"wp:attachment":[{"href":"https:\/\/primariarovinari.ro\/old\/wp-json\/wp\/v2\/media?parent=4724"}],"wp:term":[{"taxonomy":"category","embeddable":true,"href":"https:\/\/primariarovinari.ro\/old\/wp-json\/wp\/v2\/categories?post=4724"},{"taxonomy":"post_tag","embeddable":true,"href":"https:\/\/primariarovinari.ro\/old\/wp-json\/wp\/v2\/tags?post=4724"}],"curies":[{"name":"wp","href":"https:\/\/api.w.org\/{rel}","templated":true}]}}