{"id":4715,"date":"2012-05-22T09:06:33","date_gmt":"2012-05-22T07:06:33","guid":{"rendered":"http:\/\/www.primariarovinari.ro\/?p=4715"},"modified":"2012-05-22T12:27:27","modified_gmt":"2012-05-22T10:27:27","slug":"zilele-ora%c8%99ului-rovinari-prilej-de-distrac%c8%9bie-%c8%99i-veselie","status":"publish","type":"post","link":"https:\/\/primariarovinari.ro\/old\/2012\/05\/zilele-ora%c8%99ului-rovinari-prilej-de-distrac%c8%9bie-%c8%99i-veselie\/","title":{"rendered":"Zilele ora\u0219ului Rovinari &#8211; prilej de distrac\u021bie \u0219i veselie"},"content":{"rendered":"<p style=\"text-align: justify;\"><a href=\"http:\/\/www.youtube.com\/watch?v=gIXfOfWUw6U&amp;hd=1\" target=\"_blank\"><img loading=\"lazy\" decoding=\"async\" class=\"alignright size-medium wp-image-4716\" style=\"margin-top: 5px; margin-bottom: 5px;\" title=\"IMG_3174_resize\" src=\"http:\/\/www.primariarovinari.ro\/wp-content\/uploads\/2012\/05\/IMG_3174_resize-300x200.jpg\" alt=\"\" width=\"300\" height=\"200\" srcset=\"https:\/\/primariarovinari.ro\/old\/wp-content\/uploads\/2012\/05\/IMG_3174_resize-300x200.jpg 300w, https:\/\/primariarovinari.ro\/old\/wp-content\/uploads\/2012\/05\/IMG_3174_resize.jpg 1024w\" sizes=\"auto, (max-width: 300px) 100vw, 300px\" \/><\/a>S\u0103pt\u0103m\u00e2na care tocmai a trecut a fost special\u0103 at\u00e2t pentru ora\u0219ul Rovinari, c\u00e2t \u0219i pentru rovin\u0103reni, \u00eentruc\u00e2t au fost s\u0103rb\u0103torite \u201cZilele ora\u0219ului Rovinari\u201d, eveniment care are loc cu regularitate \u00eenc\u0103 de la \u00eenfiin\u021barea ora\u0219ului \u0219i anume din anul 1981.<\/p>\n<p style=\"text-align: justify;\">Au fost invita\u021bi foarte mul\u021bi arti\u0219ti de seam\u0103, care au \u00eenc\u00e2ntat publicul cu prezen\u021ba \u0219i c\u00e2ntecul lor, arti\u0219ti precum Maria Ciobanu, Ionu\u021b \u0219i Doini\u021ba Dol\u0103nescu, Andra, Denisa,Gabriel Tran, S\u0103ndel \u0219i Aurora Mihai. Pentru ace\u0219tia, invita\u021bia de a veni \u00een Rovinari de zilele ora\u0219ului a fost o adev\u0103rat\u0103 onoare, \u00een acest sens Andra declar\u00e2nd: \u201eV\u0103 mul\u021bumesc pentru c\u0103 aprecia\u021bi muzica de calitate!\u201d<\/p>\n<p style=\"text-align: justify;\"><!--more-->Au mai fost, de asemenea, programe artistice \u0219i folclorice sus\u021binute de copiii rovin\u0103reni de la Gr\u0103dini\u021ba Num\u0103rul 1 \u201eGrupul Voiniceii\u201d; copiii rovin\u0103reni de la \u201e Clubul Copiilor Rovinari\u201d; copiii rovin\u0103reni de la \u0218coala General\u0103 Num\u0103rul 3; copiii rovin\u0103reni de la \u0218coala Popular\u0103 de Art\u0103 \u2013 Sec\u021bia Rovinari.<\/p>\n<p style=\"text-align: justify;\">\u00cen ciuda ploii, au fost prezen\u021bi foarte mul\u021bi oameni pe bulevard, \u00eentruc\u00e2t spectacolul care a durat s\u00e2mb\u0103t\u0103 \u0219i duminic\u0103 p\u00e2n\u0103 noaptea a fost unul de excep\u021bie.<\/p>\n<p style=\"text-align: justify;\">Tot s\u0103pt\u0103m\u00e2na trecut\u0103, au avut loc mai multe concursuri la care au participat cet\u0103\u021beni ai ora\u0219ului Rovinari, astfel: au fost organizate concursuri de \u0219ah \u0219i remi la sediul Prim\u0103riei Rovinari, viceprimarul Chivu Lauren\u021biu premiind to\u021bi participan\u021bi; au fost organizate concursuri de tenis de mas\u0103 \u0219i tenis de c\u00e2mp la Sala Sporturilor Rovinari, primarul Filip Dorin premiind to\u021bi participan\u021bii.<\/p>\n<p style=\"text-align: justify;\">ngg_shortcode_0_placeholder<\/p>\n","protected":false},"excerpt":{"rendered":"<p>S\u0103pt\u0103m\u00e2na care tocmai a trecut a fost special\u0103 at\u00e2t pentru ora\u0219ul Rovinari, c\u00e2t \u0219i pentru rovin\u0103reni, \u00eentruc\u00e2t au fost s\u0103rb\u0103torite \u201cZilele ora\u0219ului Rovinari\u201d, eveniment care are loc cu regularitate \u00eenc\u0103 de la \u00eenfiin\u021barea ora\u0219ului \u0219i anume din anul 1981. Au fost invita\u021bi foarte mul\u021bi arti\u0219ti de seam\u0103, care au \u00eenc\u00e2ntat publicul cu prezen\u021ba \u0219i c\u00e2ntecul [&hellip;]<\/p>\n","protected":false},"author":1001008,"featured_media":0,"comment_status":"open","ping_status":"open","sticky":false,"template":"","format":"standard","meta":{"ngg_post_thumbnail":0,"footnotes":""},"categories":[4],"tags":[431],"class_list":["post-4715","post","type-post","status-publish","format-standard","hentry","category-informatii-locale","tag-zilele-orasului-rovinari-2012"],"_links":{"self":[{"href":"https:\/\/primariarovinari.ro\/old\/wp-json\/wp\/v2\/posts\/4715","targetHints":{"allow":["GET"]}}],"collection":[{"href":"https:\/\/primariarovinari.ro\/old\/wp-json\/wp\/v2\/posts"}],"about":[{"href":"https:\/\/primariarovinari.ro\/old\/wp-json\/wp\/v2\/types\/post"}],"author":[{"embeddable":true,"href":"https:\/\/primariarovinari.ro\/old\/wp-json\/wp\/v2\/users\/1001008"}],"replies":[{"embeddable":true,"href":"https:\/\/primariarovinari.ro\/old\/wp-json\/wp\/v2\/comments?post=4715"}],"version-history":[{"count":0,"href":"https:\/\/primariarovinari.ro\/old\/wp-json\/wp\/v2\/posts\/4715\/revisions"}],"wp:attachment":[{"href":"https:\/\/primariarovinari.ro\/old\/wp-json\/wp\/v2\/media?parent=4715"}],"wp:term":[{"taxonomy":"category","embeddable":true,"href":"https:\/\/primariarovinari.ro\/old\/wp-json\/wp\/v2\/categories?post=4715"},{"taxonomy":"post_tag","embeddable":true,"href":"https:\/\/primariarovinari.ro\/old\/wp-json\/wp\/v2\/tags?post=4715"}],"curies":[{"name":"wp","href":"https:\/\/api.w.org\/{rel}","templated":true}]}}