{"id":4695,"date":"2012-05-14T09:01:24","date_gmt":"2012-05-14T07:01:24","guid":{"rendered":"http:\/\/www.primariarovinari.ro\/?p=4695"},"modified":"2012-05-17T09:14:50","modified_gmt":"2012-05-17T07:14:50","slug":"ceta%c8%9benii-rovinareni-au-raspuns-prezent-la-ziua-cura%c8%9beniei-generale","status":"publish","type":"post","link":"https:\/\/primariarovinari.ro\/old\/2012\/05\/ceta%c8%9benii-rovinareni-au-raspuns-prezent-la-ziua-cura%c8%9beniei-generale\/","title":{"rendered":"Cet\u0103\u021benii rovin\u0103reni au r\u0103spuns &#8222;prezent&#8221; la ziua cur\u0103\u021beniei generale"},"content":{"rendered":"<p style=\"text-align: justify;\"><a href=\"http:\/\/www.primariarovinari.ro\/wp-content\/uploads\/2012\/05\/IMG_2871.jpg\"><img loading=\"lazy\" decoding=\"async\" class=\"alignright size-medium wp-image-4696\" style=\"margin-top: 1px; margin-bottom: 1px;\" title=\"IMG_2871\" src=\"http:\/\/www.primariarovinari.ro\/wp-content\/uploads\/2012\/05\/IMG_2871-300x200.jpg\" alt=\"\" width=\"300\" height=\"200\" srcset=\"https:\/\/primariarovinari.ro\/old\/wp-content\/uploads\/2012\/05\/IMG_2871-300x200.jpg 300w, https:\/\/primariarovinari.ro\/old\/wp-content\/uploads\/2012\/05\/IMG_2871.jpg 1024w\" sizes=\"auto, (max-width: 300px) 100vw, 300px\" \/><\/a>Campania \u201eLet\u2019s do it, Romania!\u201d, cel mai complex proiect de implicare social\u0103 s-a desf\u0103\u015furat s\u00e2mb\u0103t\u0103, \u00een toat\u0103 \u021bara, c\u00e2nd echipe de voluntari s-au implicat \u00een cur\u0103\u0163area localit\u0103\u0163ilor de gunoaiele aruncate la \u00eent\u00e2mplare.<\/p>\n<p style=\"text-align: justify;\">Proiectul &#8222;Let&#8217;s do it, Romania!&#8221; se desf\u0103\u015foar\u0103 \u00een fiecare an \u015fi \u00ee\u015fi propune s\u0103 responsabilizeze autorit\u0103\u0163ile \u015fi cet\u0103\u0163enii \u00een ceea ce prive\u015fte grija fa\u0163\u0103 de mediu.<\/p>\n<p style=\"text-align: justify;\">Astfel \u0219i \u00een ora\u0219ul Rovinari a avut loc, a\u0219a cum Prim\u0103ria \u0219i Consiliul Local au anun\u021bat anterior, aceast\u0103 ac\u021biune de ecologizare intitulat\u0103 \u201eLet\ua78cs do it, Romania\u201d.<\/p>\n<p style=\"text-align: justify;\"><!--more-->La aceasta au participat foarte multe persoane, printre care elevi de la \u0219colile \u0219i gr\u0103dini\u021bele din Rovinari, cadrele didactice, angaja\u021bii firmei de salubritate ACS Rovinari, precum \u0219i foarte mul\u021bi tineri, cet\u0103\u021beni ai ora\u0219ului, care iubesc natura, \u00ee\u0219i doresc un ora\u0219 curat \u0219i frumos \u0219i \u00eencearc\u0103 de fiecare dat\u0103 s\u0103 fac\u0103 ceva \u00een acest sens.<\/p>\n<p style=\"text-align: justify;\">Participan\u021bii au fost \u00eemp\u0103r\u021bi\u021bi \u00een mai multe grupuri, pentru a acoperi \u00eentreg teritoriul ora\u0219ului, iar dup\u0103 ce au primit saci \u0219i m\u0103nu\u0219i au pornit spre diferite zone \u00a0pentru a face cur\u0103\u021benie.<\/p>\n<p style=\"text-align: justify;\">Aceast\u0103 ac\u021biune, precum \u0219i toate celelalte organizate de Prim\u0103ria \u0219i Consiliul Local Rovinari au drept scop stimularea motiva\u021biei pentru protec\u021bia mediului, dorin\u021ba de a-i face pe cet\u0103\u021beni s\u0103 con\u0219tientizeze faptul c\u0103, pentru a tr\u0103i \u00eentr-un mediu curat \u0219i s\u0103n\u0103tos, precum \u0219i pentru a avea un spa\u021biu verde \u0219i aer curat, este nevoie de implicare, de munc\u0103, devotament, iar pentru asta trebuie format un comportament ecologic adecvat.<\/p>\n<div id=\"_mcePaste\" style=\"text-align: justify;\">Primarul ora\u0219ului Rovinari, Filip Dorin, dore\u0219te s\u0103 mul\u021bumeasc\u0103 pe aceast\u0103 cale tuturor celor care au participat la acest proiect, oameni care iubesc Rovinariul!<\/div>\n<p style=\"text-align: justify;\">ngg_shortcode_0_placeholder<\/p>\n","protected":false},"excerpt":{"rendered":"<p>Campania \u201eLet\u2019s do it, Romania!\u201d, cel mai complex proiect de implicare social\u0103 s-a desf\u0103\u015furat s\u00e2mb\u0103t\u0103, \u00een toat\u0103 \u021bara, c\u00e2nd echipe de voluntari s-au implicat \u00een cur\u0103\u0163area localit\u0103\u0163ilor de gunoaiele aruncate la \u00eent\u00e2mplare. Proiectul &#8222;Let&#8217;s do it, Romania!&#8221; se desf\u0103\u015foar\u0103 \u00een fiecare an \u015fi \u00ee\u015fi propune s\u0103 responsabilizeze autorit\u0103\u0163ile \u015fi cet\u0103\u0163enii \u00een ceea ce prive\u015fte grija [&hellip;]<\/p>\n","protected":false},"author":1001008,"featured_media":0,"comment_status":"open","ping_status":"open","sticky":false,"template":"","format":"standard","meta":{"ngg_post_thumbnail":0,"footnotes":""},"categories":[4],"tags":[402,363],"class_list":["post-4695","post","type-post","status-publish","format-standard","hentry","category-informatii-locale","tag-402","tag-lets-do-it-romania"],"_links":{"self":[{"href":"https:\/\/primariarovinari.ro\/old\/wp-json\/wp\/v2\/posts\/4695","targetHints":{"allow":["GET"]}}],"collection":[{"href":"https:\/\/primariarovinari.ro\/old\/wp-json\/wp\/v2\/posts"}],"about":[{"href":"https:\/\/primariarovinari.ro\/old\/wp-json\/wp\/v2\/types\/post"}],"author":[{"embeddable":true,"href":"https:\/\/primariarovinari.ro\/old\/wp-json\/wp\/v2\/users\/1001008"}],"replies":[{"embeddable":true,"href":"https:\/\/primariarovinari.ro\/old\/wp-json\/wp\/v2\/comments?post=4695"}],"version-history":[{"count":0,"href":"https:\/\/primariarovinari.ro\/old\/wp-json\/wp\/v2\/posts\/4695\/revisions"}],"wp:attachment":[{"href":"https:\/\/primariarovinari.ro\/old\/wp-json\/wp\/v2\/media?parent=4695"}],"wp:term":[{"taxonomy":"category","embeddable":true,"href":"https:\/\/primariarovinari.ro\/old\/wp-json\/wp\/v2\/categories?post=4695"},{"taxonomy":"post_tag","embeddable":true,"href":"https:\/\/primariarovinari.ro\/old\/wp-json\/wp\/v2\/tags?post=4695"}],"curies":[{"name":"wp","href":"https:\/\/api.w.org\/{rel}","templated":true}]}}