{"id":4667,"date":"2012-05-10T11:10:38","date_gmt":"2012-05-10T09:10:38","guid":{"rendered":"http:\/\/www.primariarovinari.ro\/?p=4667"},"modified":"2012-05-10T11:18:39","modified_gmt":"2012-05-10T09:18:39","slug":"campanie-de-informare-si-constientizare-a-cetatenilor","status":"publish","type":"post","link":"https:\/\/primariarovinari.ro\/old\/2012\/05\/campanie-de-informare-si-constientizare-a-cetatenilor\/","title":{"rendered":"Campanie de informare \u015fi con\u015ftientizare a cet\u0103\u0163enilor"},"content":{"rendered":"<p style=\"text-align: justify;\"><a href=\"http:\/\/www.votlegal.mai.gov.ro\" target=\"_blank\"><img loading=\"lazy\" decoding=\"async\" class=\"alignright size-medium wp-image-4668\" title=\"afis vot legal\" src=\"http:\/\/www.primariarovinari.ro\/wp-content\/uploads\/2012\/05\/afis-vot-legal-212x300.jpg\" alt=\"\" width=\"212\" height=\"300\" srcset=\"https:\/\/primariarovinari.ro\/old\/wp-content\/uploads\/2012\/05\/afis-vot-legal-212x300.jpg 212w, https:\/\/primariarovinari.ro\/old\/wp-content\/uploads\/2012\/05\/afis-vot-legal.jpg 354w\" sizes=\"auto, (max-width: 212px) 100vw, 212px\" \/><\/a><a href=\"http:\/\/www.votlegal.mai.gov.ro\/\" target=\"_blank\">\u00cen contextul desf\u0103\u015fur\u0103rii alegerilor pentru autorit\u0103\u0163ile administra\u0163iei publice locale din data de 10 iunie 2012, Ministerul Administra\u0163iei \u015fi Internelor, prin Direc\u0163ia de Informare \u015fi Rela\u0163ii Publice, a realizat o campanie de informare \u015fi con\u015ftientizare a cet\u0103\u0163enilor cu privire la sanc\u0163iunile prev\u0103zute de lege \u00een cazul votului ilegal \u015fi al mitei electorale.<\/a><\/p>\n<p style=\"text-align: justify;\">Mai multe materiale ale campaniei sunt postate \u015fi pot fi desc\u0103rcate \u00een formate diferite de la adresa <a href=\"http:\/\/www.votlegal.mai.gov.ro\/promo.php\" target=\"_blank\">http:\/\/www.votlegal.mai.gov.ro\/promo.php<\/a><\/p>\n<p style=\"text-align: justify;\"><em>Informa\u0163ii publicate conform adresei Institu\u0163iei Prefectului &#8211; Jude\u0163ul Gorj, nr. 10478 din 10.05.2012.<\/em><\/p>\n","protected":false},"excerpt":{"rendered":"<p>\u00cen contextul desf\u0103\u015fur\u0103rii alegerilor pentru autorit\u0103\u0163ile administra\u0163iei publice locale din data de 10 iunie 2012, Ministerul Administra\u0163iei \u015fi Internelor, prin Direc\u0163ia de Informare \u015fi Rela\u0163ii Publice, a realizat o campanie de informare \u015fi con\u015ftientizare a cet\u0103\u0163enilor cu privire la sanc\u0163iunile prev\u0103zute de lege \u00een cazul votului ilegal \u015fi al mitei electorale. Mai multe materiale ale [&hellip;]<\/p>\n","protected":false},"author":1001008,"featured_media":0,"comment_status":"open","ping_status":"open","sticky":false,"template":"","format":"standard","meta":{"ngg_post_thumbnail":0,"footnotes":""},"categories":[151],"tags":[428,427],"class_list":["post-4667","post","type-post","status-publish","format-standard","hentry","category-informatii-publice","tag-legal","tag-vot"],"_links":{"self":[{"href":"https:\/\/primariarovinari.ro\/old\/wp-json\/wp\/v2\/posts\/4667","targetHints":{"allow":["GET"]}}],"collection":[{"href":"https:\/\/primariarovinari.ro\/old\/wp-json\/wp\/v2\/posts"}],"about":[{"href":"https:\/\/primariarovinari.ro\/old\/wp-json\/wp\/v2\/types\/post"}],"author":[{"embeddable":true,"href":"https:\/\/primariarovinari.ro\/old\/wp-json\/wp\/v2\/users\/1001008"}],"replies":[{"embeddable":true,"href":"https:\/\/primariarovinari.ro\/old\/wp-json\/wp\/v2\/comments?post=4667"}],"version-history":[{"count":0,"href":"https:\/\/primariarovinari.ro\/old\/wp-json\/wp\/v2\/posts\/4667\/revisions"}],"wp:attachment":[{"href":"https:\/\/primariarovinari.ro\/old\/wp-json\/wp\/v2\/media?parent=4667"}],"wp:term":[{"taxonomy":"category","embeddable":true,"href":"https:\/\/primariarovinari.ro\/old\/wp-json\/wp\/v2\/categories?post=4667"},{"taxonomy":"post_tag","embeddable":true,"href":"https:\/\/primariarovinari.ro\/old\/wp-json\/wp\/v2\/tags?post=4667"}],"curies":[{"name":"wp","href":"https:\/\/api.w.org\/{rel}","templated":true}]}}