{"id":4618,"date":"2012-05-07T08:02:21","date_gmt":"2012-05-07T06:02:21","guid":{"rendered":"http:\/\/www.primariarovinari.ro\/?p=4618"},"modified":"2012-05-07T10:59:06","modified_gmt":"2012-05-07T08:59:06","slug":"4618","status":"publish","type":"post","link":"https:\/\/primariarovinari.ro\/old\/2012\/05\/4618\/","title":{"rendered":"Zilele Ora\u0219ului Rovinari"},"content":{"rendered":"<p style=\"text-align: justify;\"><a href=\"http:\/\/www.primariarovinari.ro\/wp-content\/uploads\/2012\/05\/AFIS-spectacol-zilelel-orasului.jpg\"><img loading=\"lazy\" decoding=\"async\" class=\"alignright size-medium wp-image-4619\" title=\"AFIS spectacol zilelel orasului\" src=\"http:\/\/www.primariarovinari.ro\/wp-content\/uploads\/2012\/05\/AFIS-spectacol-zilelel-orasului-231x300.jpg\" alt=\"\" width=\"231\" height=\"300\" srcset=\"https:\/\/primariarovinari.ro\/old\/wp-content\/uploads\/2012\/05\/AFIS-spectacol-zilelel-orasului-231x300.jpg 231w, https:\/\/primariarovinari.ro\/old\/wp-content\/uploads\/2012\/05\/AFIS-spectacol-zilelel-orasului-791x1024.jpg 791w, https:\/\/primariarovinari.ro\/old\/wp-content\/uploads\/2012\/05\/AFIS-spectacol-zilelel-orasului.jpg 1024w\" sizes=\"auto, (max-width: 231px) 100vw, 231px\" \/><\/a>Consiliul Local \u0219i Prim\u0103ria Rovinari, \u00eempreun\u0103 cu Biblioteca \u0219i Casa de Cultur\u0103 Rovinari, organizeaz\u0103 \u00een perioada 14.05.2012 \u2013 20.05.2012 \u201eZilele Ora\u0219ului Rovinari\u201d .<\/p>\n<p style=\"text-align: justify;\">Programul manifest\u0103rilor cultural-artistice \u00a0este urm\u0103torul:<\/p>\n<div id=\"_mcePaste\" style=\"text-align: justify;\">S\u00e2mb\u0103t\u0103 \u2013 19.05.2012:<\/div>\n<p style=\"text-align: justify;\">\u2022\tOrele 19.00 \u2013 Program Artistic;<\/p>\n<p style=\"text-align: justify;\">\u2022\tOrele 20.00 \u2013 Program Artistic sus\u021binut de copiii rovin\u0103reni Gr\u0103dini\u021ba Num\u0103rul 1 \u201eGrupul Voiniceii\u201d;<\/p>\n<p style=\"text-align: justify;\">\u2022\tOrele 20.30 \u2013 Program Folcloric sus\u021binut de copiii rovin\u0103reni \u201e Clubul Copiilor Rovinari\u201d;<\/p>\n<p style=\"text-align: justify;\">\u2022\tOrele 21.30 \u2013 Maria Ciobanu, Ionu\u021b Dol\u0103nescu, Doini\u021ba Dol\u0103nescu;<\/p>\n<div id=\"_mcePaste\" style=\"text-align: justify;\">\u2022\tOrele 23.30 \u2013 Disco\u2013Party \u00een aer liber.<\/div>\n<p style=\"text-align: justify;\"><!--more-->Duminic\u0103 \u2013 20.05.2012<\/p>\n<p style=\"text-align: justify;\">\u2022\tOrele 19.00 &#8211; Program Artistic sus\u021binut de copiii rovin\u0103reni \u0218coala General\u0103 Num\u0103rul 3;<\/p>\n<p style=\"text-align: justify;\">\u2022\tOrele 19.30 \u2013 Program Folcloric sus\u021binut de copiii rovin\u0103reni \u0218coala Popular\u0103 de Art\u0103 \u2013 Sec\u021bia Rovinari;<\/p>\n<p style=\"text-align: justify;\">\u2022\tOrele 20.30 \u2013 Dansuri Moderne \u2013 Clubul Copiilor Rovinari;<\/p>\n<p style=\"text-align: justify;\">\u2022\tGabriel Tran \u2013 Participant Vocea Rom\u00e2niei echipa Smiley;<\/p>\n<p style=\"text-align: justify;\">\u2022\tOrele 21.00 \u2013 Spectacol muzical Denisa;<\/p>\n<p style=\"text-align: justify;\">\u2022\tOrele 22.00 \u2013 Spectacol muzical S\u0103ndel \u0219i Aurora Mihai;<\/p>\n<div id=\"_mcePaste\" style=\"text-align: justify;\">\u2022\tOrele 23.00 \u2013 Spectacol Muzical Andra.<\/div>\n<p style=\"text-align: justify;\">\n","protected":false},"excerpt":{"rendered":"<p>Consiliul Local \u0219i Prim\u0103ria Rovinari, \u00eempreun\u0103 cu Biblioteca \u0219i Casa de Cultur\u0103 Rovinari, organizeaz\u0103 \u00een perioada 14.05.2012 \u2013 20.05.2012 \u201eZilele Ora\u0219ului Rovinari\u201d . Programul manifest\u0103rilor cultural-artistice \u00a0este urm\u0103torul: S\u00e2mb\u0103t\u0103 \u2013 19.05.2012: \u2022 Orele 19.00 \u2013 Program Artistic; \u2022 Orele 20.00 \u2013 Program Artistic sus\u021binut de copiii rovin\u0103reni Gr\u0103dini\u021ba Num\u0103rul 1 \u201eGrupul Voiniceii\u201d; \u2022 Orele 20.30 [&hellip;]<\/p>\n","protected":false},"author":1001008,"featured_media":0,"comment_status":"open","ping_status":"open","sticky":false,"template":"","format":"standard","meta":{"ngg_post_thumbnail":0,"footnotes":""},"categories":[4],"tags":[423],"class_list":["post-4618","post","type-post","status-publish","format-standard","hentry","category-informatii-locale","tag-zilele-orasului-2012"],"_links":{"self":[{"href":"https:\/\/primariarovinari.ro\/old\/wp-json\/wp\/v2\/posts\/4618","targetHints":{"allow":["GET"]}}],"collection":[{"href":"https:\/\/primariarovinari.ro\/old\/wp-json\/wp\/v2\/posts"}],"about":[{"href":"https:\/\/primariarovinari.ro\/old\/wp-json\/wp\/v2\/types\/post"}],"author":[{"embeddable":true,"href":"https:\/\/primariarovinari.ro\/old\/wp-json\/wp\/v2\/users\/1001008"}],"replies":[{"embeddable":true,"href":"https:\/\/primariarovinari.ro\/old\/wp-json\/wp\/v2\/comments?post=4618"}],"version-history":[{"count":0,"href":"https:\/\/primariarovinari.ro\/old\/wp-json\/wp\/v2\/posts\/4618\/revisions"}],"wp:attachment":[{"href":"https:\/\/primariarovinari.ro\/old\/wp-json\/wp\/v2\/media?parent=4618"}],"wp:term":[{"taxonomy":"category","embeddable":true,"href":"https:\/\/primariarovinari.ro\/old\/wp-json\/wp\/v2\/categories?post=4618"},{"taxonomy":"post_tag","embeddable":true,"href":"https:\/\/primariarovinari.ro\/old\/wp-json\/wp\/v2\/tags?post=4618"}],"curies":[{"name":"wp","href":"https:\/\/api.w.org\/{rel}","templated":true}]}}