{"id":4595,"date":"2012-04-23T12:47:41","date_gmt":"2012-04-23T10:47:41","guid":{"rendered":"http:\/\/www.primariarovinari.ro\/?p=4595"},"modified":"2012-04-23T12:56:22","modified_gmt":"2012-04-23T10:56:22","slug":"primarul-filip-dorin-alaturi-de-copii","status":"publish","type":"post","link":"https:\/\/primariarovinari.ro\/old\/2012\/04\/primarul-filip-dorin-alaturi-de-copii\/","title":{"rendered":"Primarul Filip Dorin, al\u0103turi de copii, la Catedral\u0103"},"content":{"rendered":"<p style=\"text-align: justify;\"><a href=\"http:\/\/www.primariarovinari.ro\/wp-content\/uploads\/2012\/04\/IMG_2089.jpg\"><img loading=\"lazy\" decoding=\"async\" class=\"alignright size-medium wp-image-4598\" style=\"margin-top: 5px; margin-bottom: 5px;\" title=\"IMG_2089\" src=\"http:\/\/www.primariarovinari.ro\/wp-content\/uploads\/2012\/04\/IMG_2089-300x200.jpg\" alt=\"\" width=\"300\" height=\"200\" srcset=\"https:\/\/primariarovinari.ro\/old\/wp-content\/uploads\/2012\/04\/IMG_2089-300x200.jpg 300w, https:\/\/primariarovinari.ro\/old\/wp-content\/uploads\/2012\/04\/IMG_2089.jpg 1024w\" sizes=\"auto, (max-width: 300px) 100vw, 300px\" \/><\/a>\u00cen seara de Pa\u0219te, primarul ora\u0219ului Rovinari, Filip Dorin, a fost, ca \u00een fiecare an de altfel, al\u0103turi de cet\u0103\u021benii ora\u0219ului, particip\u00e2nd \u00eempreun\u0103 cu ace\u0219tia la slujba \u021binut\u0103 la Catedrala Ortodox\u0103 \u00a0\u201eSfin\u021bii Constantin \u0219i Elena\u201d. Acest lucru nu poate fi numit o tradi\u021bie, ci mai degrab\u0103 reprezint\u0103 nevoia \u0219i dorin\u021ba edilului de a petrece s\u0103rb\u0103torile \u00a0al\u0103turi de concet\u0103\u021beni, de a fi al\u0103turi de ei \u00een astfel de moment \u0219i nu numai.<\/p>\n<div id=\"_mcePaste\" style=\"text-align: justify;\">La o s\u0103pt\u0103m\u00e2n\u0103 dup\u0103 s\u0103rb\u0103torile Pascale, acesta a dorit s\u0103 fie al\u0103turi \u0219i de copii, iar cel mai propice loc l-a considerat a fi Catedrala, invit\u00e2ndu-i astfel pe ace\u0219tia ast\u0103zi, 23 aprilie aici pentru a le oferi un moment de bucurie.<\/div>\n<p style=\"text-align: justify;\"><!--more-->Atmosfera a fost una \u00eenc\u0103rcat\u0103 de emo\u021bie \u0219i veselie \u00een acela\u0219i timp, \u00eentruc\u00e2t, copiii au fost servi\u021bi cu pr\u0103jituri, suc \u0219i cozonaci \u00a0\u0219i au fost foarte ferici\u021bi s\u0103 ciocneasc\u0103 tradi\u021bionalul ou ro\u0219u cu primarul ora\u0219ului.<\/p>\n<p style=\"text-align: justify;\">V\u0103z\u00e2nd entuziasmul \u0219i dorin\u021ba cu care a fost primit \u0219i a\u0219teptat, primarul Filip Dorin a promis c\u0103 astfel de ac\u021biuni se vor mai repeta.<\/p>\n<p style=\"text-align: justify;\"><span style=\"text-align: justify;\">ngg_shortcode_0_placeholder<\/span><\/p>\n","protected":false},"excerpt":{"rendered":"<p>\u00cen seara de Pa\u0219te, primarul ora\u0219ului Rovinari, Filip Dorin, a fost, ca \u00een fiecare an de altfel, al\u0103turi de cet\u0103\u021benii ora\u0219ului, particip\u00e2nd \u00eempreun\u0103 cu ace\u0219tia la slujba \u021binut\u0103 la Catedrala Ortodox\u0103 \u00a0\u201eSfin\u021bii Constantin \u0219i Elena\u201d. Acest lucru nu poate fi numit o tradi\u021bie, ci mai degrab\u0103 reprezint\u0103 nevoia \u0219i dorin\u021ba edilului de a petrece s\u0103rb\u0103torile [&hellip;]<\/p>\n","protected":false},"author":1001008,"featured_media":0,"comment_status":"open","ping_status":"open","sticky":false,"template":"","format":"standard","meta":{"ngg_post_thumbnail":0,"footnotes":""},"categories":[4],"tags":[421],"class_list":["post-4595","post","type-post","status-publish","format-standard","hentry","category-informatii-locale","tag-filip-dorin-alaturi-de-copii-la-catedrala"],"_links":{"self":[{"href":"https:\/\/primariarovinari.ro\/old\/wp-json\/wp\/v2\/posts\/4595","targetHints":{"allow":["GET"]}}],"collection":[{"href":"https:\/\/primariarovinari.ro\/old\/wp-json\/wp\/v2\/posts"}],"about":[{"href":"https:\/\/primariarovinari.ro\/old\/wp-json\/wp\/v2\/types\/post"}],"author":[{"embeddable":true,"href":"https:\/\/primariarovinari.ro\/old\/wp-json\/wp\/v2\/users\/1001008"}],"replies":[{"embeddable":true,"href":"https:\/\/primariarovinari.ro\/old\/wp-json\/wp\/v2\/comments?post=4595"}],"version-history":[{"count":0,"href":"https:\/\/primariarovinari.ro\/old\/wp-json\/wp\/v2\/posts\/4595\/revisions"}],"wp:attachment":[{"href":"https:\/\/primariarovinari.ro\/old\/wp-json\/wp\/v2\/media?parent=4595"}],"wp:term":[{"taxonomy":"category","embeddable":true,"href":"https:\/\/primariarovinari.ro\/old\/wp-json\/wp\/v2\/categories?post=4595"},{"taxonomy":"post_tag","embeddable":true,"href":"https:\/\/primariarovinari.ro\/old\/wp-json\/wp\/v2\/tags?post=4595"}],"curies":[{"name":"wp","href":"https:\/\/api.w.org\/{rel}","templated":true}]}}