{"id":459,"date":"2009-09-30T14:50:42","date_gmt":"2009-09-30T12:50:42","guid":{"rendered":"http:\/\/www.primariarovinari.ro\/?p=459"},"modified":"2010-03-23T08:21:48","modified_gmt":"2010-03-23T06:21:48","slug":"clubul-elevilor-a-ineput-anul-scolar-2009-2010","status":"publish","type":"post","link":"https:\/\/primariarovinari.ro\/old\/2009\/09\/clubul-elevilor-a-ineput-anul-scolar-2009-2010\/","title":{"rendered":"Clubul Elevilor a \u00eeneput anul \u015fcolar 2009-2010"},"content":{"rendered":"<p style=\"text-align: justify;\"><a href=\"http:\/\/www.primariarovinari.ro\/wp-content\/uploads\/2010\/03\/23.jpg\"><img loading=\"lazy\" decoding=\"async\" class=\"alignright size-full wp-image-460\" title=\"2\" src=\"http:\/\/www.primariarovinari.ro\/wp-content\/uploads\/2010\/03\/23.jpg\" alt=\"\" width=\"275\" height=\"207\" srcset=\"https:\/\/primariarovinari.ro\/old\/wp-content\/uploads\/2010\/03\/23.jpg 800w, https:\/\/primariarovinari.ro\/old\/wp-content\/uploads\/2010\/03\/23-300x225.jpg 300w\" sizes=\"auto, (max-width: 275px) 100vw, 275px\" \/><\/a>Ast\u0103zi 30 septembrie 2009 elevii de la Clubul  Elevilor din ora\u015ful Rovinari au \u00eenceput anul \u015fcolar 2009-2010.  Manifest\u0103rile prilejuite cu ocazia deschiderii anului \u015fcolar, au avut  loc pe Bulevardul Minerilor, pe patinoar. Profesoara Emilia Dragotoiu  Nanu a sus\u0163inut un mesaj \u00een deschidere \u00een care a mul\u0163umit\u00a0 profesorilor,  elevilor \u015fi p\u0103rin\u0163ilor acestora, autorit\u0103\u0163ilor locale din ora\u015f pentru  sus\u0163inerea acordat\u0103 dealungul timpului precum \u015fi pentru premierea  tuturor elevilor care au ob\u0163inut premii la diverse festivaluri \u015fi  simpozioane de muzic\u0103 \u015fi dansuri. Festivitatea de deschidere a continuat cu un  spectacol de aproximativ o or\u0103 \u015fi jum\u0103tate oferit de elevii clubului pe  patinoarul din centru. Acest spectacol a constat \u00een program de muzic\u0103<\/p>\n<p style=\"text-align: justify;\"><!--more--><a href=\"http:\/\/www.primariarovinari.ro\/wp-content\/uploads\/2009\/09\/4.jpg\"><img loading=\"lazy\" decoding=\"async\" class=\"alignleft size-full wp-image-463\" title=\"4\" src=\"http:\/\/www.primariarovinari.ro\/wp-content\/uploads\/2009\/09\/4.jpg\" alt=\"\" width=\"275\" height=\"206\" srcset=\"https:\/\/primariarovinari.ro\/old\/wp-content\/uploads\/2009\/09\/4.jpg 800w, https:\/\/primariarovinari.ro\/old\/wp-content\/uploads\/2009\/09\/4-300x225.jpg 300w\" sizes=\"auto, (max-width: 275px) 100vw, 275px\" \/><\/a>popular\u0103 oferit de elevii co-repetitorului Burlan Grigore, precum \u015fi\u00a0  program de dansuri moderne oferit de echipele de fete sub \u00eendrumarea  profesoarei D\u0103nciulescu Adriana. Autorit\u0103\u0163ile locale vor fi \u00eencontinuare al\u0103turi de elevii talenta\u0163i ai  ora\u015fului \u015fi \u00eei va premia pe aceia care vor reprezenta ora\u015ful Rovinari cu  succes la diversele festivaluri de muzic\u0103 popular\u0103, spectacole de  dansuri moderne desf\u0103\u015furate \u00een \u0163ar\u0103 \u015fi \u00een str\u0103in\u0103tate. At\u00e2t primarul  Dorin Filip c\u00e2t \u015fi viceprimarul Chivu Lauren\u0163iu felicit\u0103 elevii c\u00e2t \u015fi  profesorii pentru premiile ob\u0163inute \u015fi le mul\u0163umesc pentru munca depus\u0103  p\u00e2n\u0103 acum, \u015fi \u00eendeamn\u0103 to\u0163i p\u0103rin\u0163ii s\u0103-\u015fi lase copiii s\u0103 duc\u0103 mai  departe tradi\u0163iile \u015fi folclorul locului, \u015fi a\u015fa pe cale de dispari\u0163ie.<\/p>\n","protected":false},"excerpt":{"rendered":"<p>Ast\u0103zi 30 septembrie 2009 elevii de la Clubul Elevilor din ora\u015ful Rovinari au \u00eenceput anul \u015fcolar 2009-2010. Manifest\u0103rile prilejuite cu ocazia deschiderii anului \u015fcolar, au avut loc pe Bulevardul Minerilor, pe patinoar. Profesoara Emilia Dragotoiu Nanu a sus\u0163inut un mesaj \u00een deschidere \u00een care a mul\u0163umit\u00a0 profesorilor, elevilor \u015fi p\u0103rin\u0163ilor acestora, autorit\u0103\u0163ilor locale din ora\u015f [&hellip;]<\/p>\n","protected":false},"author":1001008,"featured_media":0,"comment_status":"open","ping_status":"open","sticky":false,"template":"","format":"standard","meta":{"ngg_post_thumbnail":0,"footnotes":""},"categories":[4],"tags":[66],"class_list":["post-459","post","type-post","status-publish","format-standard","hentry","category-informatii-locale","tag-clubul-elevilor"],"_links":{"self":[{"href":"https:\/\/primariarovinari.ro\/old\/wp-json\/wp\/v2\/posts\/459","targetHints":{"allow":["GET"]}}],"collection":[{"href":"https:\/\/primariarovinari.ro\/old\/wp-json\/wp\/v2\/posts"}],"about":[{"href":"https:\/\/primariarovinari.ro\/old\/wp-json\/wp\/v2\/types\/post"}],"author":[{"embeddable":true,"href":"https:\/\/primariarovinari.ro\/old\/wp-json\/wp\/v2\/users\/1001008"}],"replies":[{"embeddable":true,"href":"https:\/\/primariarovinari.ro\/old\/wp-json\/wp\/v2\/comments?post=459"}],"version-history":[{"count":0,"href":"https:\/\/primariarovinari.ro\/old\/wp-json\/wp\/v2\/posts\/459\/revisions"}],"wp:attachment":[{"href":"https:\/\/primariarovinari.ro\/old\/wp-json\/wp\/v2\/media?parent=459"}],"wp:term":[{"taxonomy":"category","embeddable":true,"href":"https:\/\/primariarovinari.ro\/old\/wp-json\/wp\/v2\/categories?post=459"},{"taxonomy":"post_tag","embeddable":true,"href":"https:\/\/primariarovinari.ro\/old\/wp-json\/wp\/v2\/tags?post=459"}],"curies":[{"name":"wp","href":"https:\/\/api.w.org\/{rel}","templated":true}]}}